{"id":8749,"date":"2026-01-16T11:00:24","date_gmt":"2026-01-16T14:00:24","guid":{"rendered":"https:\/\/visitefloripa.com.br\/?p=8749"},"modified":"2026-01-16T11:02:57","modified_gmt":"2026-01-16T14:02:57","slug":"carnaval-em-florianopolis-2026-guia-completo-de-eventos-para-quem-vem-curtir-a-folia","status":"publish","type":"post","link":"https:\/\/visitefloripa.com.br\/en_us\/carnaval-em-florianopolis-2026-guia-completo-de-eventos-para-quem-vem-curtir-a-folia\/","title":{"rendered":"Carnival in Florian\u00f3polis 2026: a complete guide to events for those coming to enjoy the festivities."},"content":{"rendered":"<p>Florian\u00f3polis is one of the most complete destinations to experience Carnival in Southern Brazil. In 2026, the city combines tradition, popular culture, large parades, street parties, family events, and exclusive experiences, spread across different regions of the island.&nbsp;<\/p>\n\n\n\n<p>To make planning easier for those coming to enjoy the festivities, we&#039;ve gathered the main Carnival events in Florian\u00f3polis in one place \u2014 from free events to private ones, from pre-Carnival celebrations to the official parades.&nbsp;<\/p>\n\n\n\n<div style=\"height:40px\" aria-hidden=\"true\" class=\"wp-block-spacer\"><\/div>\n\n\n\n<h2 class=\"wp-block-heading\"><strong>Free events open to the public.<\/strong>&nbsp;<\/h2>\n\n\n\n<p><strong>Return to Pra\u00e7a XV | Pre-Carnival Floripa 2026<\/strong>&nbsp;<\/p>\n\n\n\n<p>One of the most traditional pre-Carnival events in the city, the <a href=\"https:\/\/visitefloripa.com.br\/en_us\/agenda\/volta-a-praca-xv-carnaval-floripa-2026\/\" data-type=\"agenda\" data-id=\"8736\" target=\"_blank\" rel=\"noreferrer noopener\">Return to Pra\u00e7a XV<\/a> It marks the reunion of samba schools with the public in the heart of the Historic Center. Held free of charge during the month of January, the event revives the atmosphere of old street carnivals, with parades around the... <a href=\"https:\/\/visitefloripa.com.br\/en_us\/o-que-ver\/praca-xv-de-novembro\/\" data-type=\"o-que-ver\" data-id=\"1796\" target=\"_blank\" rel=\"noreferrer noopener\">Pra\u00e7a XV de Novembro<\/a> and a great deal of close interaction between the public and schools.\u00a0<\/p>\n\n\n\n<div style=\"height:40px\" aria-hidden=\"true\" class=\"wp-block-spacer\"><\/div>\n\n\n\n<figure class=\"wp-block-gallery has-nested-images columns-default is-cropped wp-block-gallery-1 is-layout-flex wp-block-gallery-is-layout-flex\">\n<figure class=\"wp-block-image size-large\"><img fetchpriority=\"high\" decoding=\"async\" width=\"1024\" height=\"582\" data-id=\"8738\" src=\"https:\/\/visitefloripa.com.br\/wp-content\/uploads\/2026\/01\/CARNVAL-XV-1024x582.png\" alt=\"\" class=\"wp-image-8738\" srcset=\"https:\/\/visitefloripa.com.br\/wp-content\/uploads\/2026\/01\/CARNVAL-XV-1024x582.png 1024w, https:\/\/visitefloripa.com.br\/wp-content\/uploads\/2026\/01\/CARNVAL-XV-300x171.png 300w, https:\/\/visitefloripa.com.br\/wp-content\/uploads\/2026\/01\/CARNVAL-XV-768x437.png 768w, https:\/\/visitefloripa.com.br\/wp-content\/uploads\/2026\/01\/CARNVAL-XV-1536x873.png 1536w, https:\/\/visitefloripa.com.br\/wp-content\/uploads\/2026\/01\/CARNVAL-XV-18x10.png 18w, https:\/\/visitefloripa.com.br\/wp-content\/uploads\/2026\/01\/CARNVAL-XV.png 1900w\" sizes=\"(max-width: 1024px) 100vw, 1024px\" \/><\/figure>\n<\/figure>\n\n\n\n<div style=\"height:40px\" aria-hidden=\"true\" class=\"wp-block-spacer\"><\/div>\n\n\n\n<p><strong>Agenda \u2013 Return to Pra\u00e7a XV<\/strong>\u00a0<\/p>\n\n\n\n<p><strong>January 16th (Friday)<\/strong>\u00a0<\/p>\n\n\n\n<ul class=\"wp-block-list\">\n<li>8 PM \u2013 Academics from the South of the Island\u00a0<\/li>\n<\/ul>\n\n\n\n<ul class=\"wp-block-list\">\n<li>10 PM \u2013 Magic Island Union\u00a0<\/li>\n<\/ul>\n\n\n\n<p><\/p>\n\n\n\n<p><strong>January 17th (Saturday)<\/strong>\u00a0<\/p>\n\n\n\n<ul class=\"wp-block-list\">\n<li>7 PM \u2013 Copa Lord Embassy\u00a0<\/li>\n<\/ul>\n\n\n\n<ul class=\"wp-block-list\">\n<li>9 PM \u2013 Consulate\u00a0<\/li>\n<\/ul>\n\n\n\n<p><\/p>\n\n\n\n<p>In addition to celebrating samba and local culture, the Volta \u00e0 Pra\u00e7a XV serves as the official warm-up for the 2026 Carnival parades, which take place in February.&nbsp;<\/p>\n\n\n\n<div style=\"height:40px\" aria-hidden=\"true\" class=\"wp-block-spacer\"><\/div>\n\n\n\n<p><strong>Queen of the Clams of Boca 2026 Contest<\/strong>&nbsp;<\/p>\n\n\n\n<p>O <a href=\"https:\/\/visitefloripa.com.br\/en_us\/agenda\/concurso-rainha-do-berbigao-do-boca-2026\/\" target=\"_blank\" data-type=\"agenda\" data-id=\"8739\" rel=\"noreferrer noopener\">Queen of the Clams Contest at Boca<\/a> It is part of the official pre-Carnival calendar and celebrates one of the most traditional cultural events in Florian\u00f3polis. The event values the presence of women in samba, preserves the local culture, and keeps alive a historical tradition of street Carnival in the city center.\u00a0<\/p>\n\n\n\n<ul class=\"wp-block-list\">\n<li><strong>Location:<\/strong>\u00a0Florian\u00f3polis Public Market\u00a0<\/li>\n<\/ul>\n\n\n\n<ul class=\"wp-block-list\">\n<li><strong>Date:<\/strong>\u00a0January 22, 2026\u00a0<\/li>\n<\/ul>\n\n\n\n<ul class=\"wp-block-list\">\n<li><strong>Time:<\/strong>\u00a07pm\u00a0<\/li>\n<\/ul>\n\n\n\n<ul class=\"wp-block-list\">\n<li><strong>Free entry<\/strong>\u00a0<\/li>\n<\/ul>\n\n\n\n<div style=\"height:40px\" aria-hidden=\"true\" class=\"wp-block-spacer\"><\/div>\n\n\n\n<figure class=\"wp-block-gallery has-nested-images columns-default is-cropped wp-block-gallery-2 is-layout-flex wp-block-gallery-is-layout-flex\">\n<figure class=\"wp-block-image size-large\"><img decoding=\"async\" width=\"1024\" height=\"582\" data-id=\"8741\" src=\"https:\/\/visitefloripa.com.br\/wp-content\/uploads\/2026\/01\/canrval-berbigao-1024x582.png\" alt=\"\" class=\"wp-image-8741\" srcset=\"https:\/\/visitefloripa.com.br\/wp-content\/uploads\/2026\/01\/canrval-berbigao-1024x582.png 1024w, https:\/\/visitefloripa.com.br\/wp-content\/uploads\/2026\/01\/canrval-berbigao-300x171.png 300w, https:\/\/visitefloripa.com.br\/wp-content\/uploads\/2026\/01\/canrval-berbigao-768x437.png 768w, https:\/\/visitefloripa.com.br\/wp-content\/uploads\/2026\/01\/canrval-berbigao-1536x873.png 1536w, https:\/\/visitefloripa.com.br\/wp-content\/uploads\/2026\/01\/canrval-berbigao-18x10.png 18w, https:\/\/visitefloripa.com.br\/wp-content\/uploads\/2026\/01\/canrval-berbigao.png 1900w\" sizes=\"(max-width: 1024px) 100vw, 1024px\" \/><\/figure>\n<\/figure>\n\n\n\n<div style=\"height:40px\" aria-hidden=\"true\" class=\"wp-block-spacer\"><\/div>\n\n\n\n<p>After the court is chosen, the traditional Bloco Berbig\u00e3o do Boca returns to the streets on the day\u00a0<strong>February 6th<\/strong>, marking the official opening of the Florian\u00f3polis Carnival and bringing together thousands of revelers.\u00a0<\/p>\n\n\n\n<div style=\"height:40px\" aria-hidden=\"true\" class=\"wp-block-spacer\"><\/div>\n\n\n\n<h2 class=\"wp-block-heading\"><strong>Florian\u00f3polis Street Carnival 2026<\/strong>&nbsp;<\/h2>\n\n\n\n<p>O <a href=\"https:\/\/visitefloripa.com.br\/en_us\/agenda\/carnaval-de-rua-de-florianopolis-2026\/\" target=\"_blank\" data-type=\"agenda\" data-id=\"8734\" rel=\"noreferrer noopener\">Street Carnival <\/a>It brings the festivities to different regions of the city, with free programming between the days\u00a0<strong>February 13th and 16th<\/strong>. Traditional street bands, electric trios, themed arenas, and national acts take over the city center and various neighborhoods, creating a decentralized and democratic celebration.\u00a0<\/p>\n\n\n\n<p><strong>Schedule \u2013 Street Carnival 2026<\/strong>&nbsp;<\/p>\n\n\n\n<p><strong>Friday | 13\/02 \u2013 Downtown<\/strong>&nbsp;<\/p>\n\n\n\n<ul class=\"wp-block-list\">\n<li>Sextou Block\u00a0<\/li>\n<\/ul>\n\n\n\n<ul class=\"wp-block-list\">\n<li>7 PM \u2013 On the Hour\u00a0<\/li>\n<\/ul>\n\n\n\n<ul class=\"wp-block-list\">\n<li>9 PM \u2013 Rust\u00a0<\/li>\n<\/ul>\n\n\n\n<p><\/p>\n\n\n\n<p><strong>Saturday | 14\/02 \u2013 Downtown<\/strong>&nbsp;<\/p>\n\n\n\n<ul class=\"wp-block-list\">\n<li>Dirty Block\u00a0<\/li>\n<\/ul>\n\n\n\n<ul class=\"wp-block-list\">\n<li>4:30 PM \u2013 Jammil\u00a0<\/li>\n<\/ul>\n\n\n\n<ul class=\"wp-block-list\">\n<li>8 PM \u2013 Diana Dias\u00a0<\/li>\n<\/ul>\n\n\n\n<p><\/p>\n\n\n\n<p><strong>Sunday | 15\/02 \u2013 Downtown<\/strong>&nbsp;<\/p>\n\n\n\n<ul class=\"wp-block-list\">\n<li>Uni Block\u00a0<\/li>\n<\/ul>\n\n\n\n<ul class=\"wp-block-list\">\n<li>6 PM \u2013 MC Davi\u00a0<\/li>\n<\/ul>\n\n\n\n<ul class=\"wp-block-list\">\n<li>8 PM \u2013 MC Pedrinho\u00a0<\/li>\n<\/ul>\n\n\n\n<p><\/p>\n\n\n\n<p><strong>Monday | 16\/02 \u2013 Downtown<\/strong>&nbsp;<\/p>\n\n\n\n<ul class=\"wp-block-list\">\n<li>Pop Gay Block\u00a0<\/li>\n<\/ul>\n\n\n\n<ul class=\"wp-block-list\">\n<li>10 PM \u2013 Gloria Groove\u00a0<\/li>\n<\/ul>\n\n\n\n<p><\/p>\n\n\n\n<p>In addition to the city center, there will be arenas in the following neighborhoods: Santo Ant\u00f4nio de Lisboa, Sambaqui, Canasvieiras, Ponta das Canas, Ingleses, Lagoa da Concei\u00e7\u00e3o, Campeche, and P\u00e2ntano do Sul.&nbsp;<\/p>\n\n\n\n<div style=\"height:40px\" aria-hidden=\"true\" class=\"wp-block-spacer\"><\/div>\n\n\n\n<h2 class=\"wp-block-heading\"><strong>Carnival for the whole family<\/strong>&nbsp;<\/h2>\n\n\n\n<p><strong>Rancho Carnival 2026<\/strong>&nbsp;<\/p>\n\n\n\n<p>An ideal option for those seeking a family-friendly, outdoor Carnival celebration focused on children. The event takes place amidst nature and offers activities such as a children&#039;s costume contest, horseback riding, a playground, face painting, and interaction with animals.\u00a0<\/p>\n\n\n\n<div style=\"height:40px\" aria-hidden=\"true\" class=\"wp-block-spacer\"><\/div>\n\n\n\n<figure class=\"wp-block-gallery has-nested-images columns-default is-cropped wp-block-gallery-3 is-layout-flex wp-block-gallery-is-layout-flex\">\n<figure class=\"wp-block-image size-large\"><img decoding=\"async\" width=\"1024\" height=\"536\" data-id=\"8742\" src=\"https:\/\/visitefloripa.com.br\/wp-content\/uploads\/2026\/01\/Canrvanal-1024x536.png\" alt=\"\" class=\"wp-image-8742\" srcset=\"https:\/\/visitefloripa.com.br\/wp-content\/uploads\/2026\/01\/Canrvanal-1024x536.png 1024w, https:\/\/visitefloripa.com.br\/wp-content\/uploads\/2026\/01\/Canrvanal-300x157.png 300w, https:\/\/visitefloripa.com.br\/wp-content\/uploads\/2026\/01\/Canrvanal-768x402.png 768w, https:\/\/visitefloripa.com.br\/wp-content\/uploads\/2026\/01\/Canrvanal-18x9.png 18w, https:\/\/visitefloripa.com.br\/wp-content\/uploads\/2026\/01\/Canrvanal.png 1400w\" sizes=\"(max-width: 1024px) 100vw, 1024px\" \/><\/figure>\n<\/figure>\n\n\n\n<div style=\"height:40px\" aria-hidden=\"true\" class=\"wp-block-spacer\"><\/div>\n\n\n\n<ul class=\"wp-block-list\">\n<li><strong>Location:<\/strong>\u00a0Ribeir\u00e3o Ranch \u2013 <a href=\"https:\/\/visitefloripa.com.br\/en_us\/o-que-ver\/praia-do-ribeirao-da-ilha\/\" data-type=\"o-que-ver\" data-id=\"1269\">Ribeir\u00e3o da Ilha\u00a0<\/a><\/li>\n<\/ul>\n\n\n\n<ul class=\"wp-block-list\">\n<li><strong>Date:<\/strong>\u00a0February 7, 2026\u00a0<\/li>\n<\/ul>\n\n\n\n<ul class=\"wp-block-list\">\n<li><strong>Time:<\/strong>\u00a0starting at 3pm\u00a0<\/li>\n<\/ul>\n\n\n\n<ul class=\"wp-block-list\">\n<li><strong>Tickets:<\/strong>\u00a0from R$30 (Children up to 5 years old are free | up to 12 years old half-price)\u00a0<\/li>\n<\/ul>\n\n\n\n<div style=\"height:40px\" aria-hidden=\"true\" class=\"wp-block-spacer\"><\/div>\n\n\n\n<h2 class=\"wp-block-heading\"><strong>Nego Quirido catwalk: VIP boxes and experiences for every type of partygoer.<\/strong>&nbsp;<\/h2>\n\n\n\n<p>The heart of Florian\u00f3polis Carnival beats in\u00a0<strong>Nego Quirido Footbridge<\/strong>, The official stage for the samba school parades. In addition to the grandstands and boxes, the parade route features VIP areas with varied offerings \u2014 from the most exclusive to the most lively \u2014 allowing each visitor to choose how they want to experience the spectacle.\u00a0<\/p>\n\n\n\n<div style=\"height:40px\" aria-hidden=\"true\" class=\"wp-block-spacer\"><\/div>\n\n\n\n<figure class=\"wp-block-gallery has-nested-images columns-default is-cropped wp-block-gallery-4 is-layout-flex wp-block-gallery-is-layout-flex\">\n<figure class=\"wp-block-image size-full\"><img loading=\"lazy\" decoding=\"async\" width=\"800\" height=\"533\" data-id=\"8750\" src=\"https:\/\/visitefloripa.com.br\/wp-content\/uploads\/2026\/01\/image.png\" alt=\"\" class=\"wp-image-8750\" srcset=\"https:\/\/visitefloripa.com.br\/wp-content\/uploads\/2026\/01\/image.png 800w, https:\/\/visitefloripa.com.br\/wp-content\/uploads\/2026\/01\/image-300x200.png 300w, https:\/\/visitefloripa.com.br\/wp-content\/uploads\/2026\/01\/image-768x512.png 768w, https:\/\/visitefloripa.com.br\/wp-content\/uploads\/2026\/01\/image-18x12.png 18w\" sizes=\"(max-width: 800px) 100vw, 800px\" \/><figcaption class=\"wp-element-caption\">Nego Querido Footbridge (Image: SuldeFloripa.com.br)<\/figcaption><\/figure>\n<\/figure>\n\n\n\n<div style=\"height:40px\" aria-hidden=\"true\" class=\"wp-block-spacer\"><\/div>\n\n\n\n<p>Below, we explain.\u00a0<strong>What is each VIP box like and who is it best suited for?<\/strong>.\u00a0<\/p>\n\n\n\n<div style=\"height:40px\" aria-hidden=\"true\" class=\"wp-block-spacer\"><\/div>\n\n\n\n<p><strong>Premium Box<\/strong>&nbsp;<\/p>\n\n\n\n<p><strong>Recommended for:<\/strong>&nbsp;Tourists seeking comfort, convenience, and an organized experience, without sacrificing a good view of the avenue.&nbsp;<\/p>\n\n\n\n<p>O <a href=\"https:\/\/visitefloripa.com.br\/en_us\/agenda\/camarote-premium-carnaval-floripa-2026\/\" target=\"_blank\" data-type=\"agenda\" data-id=\"8713\" rel=\"noreferrer noopener\">Premium Box<\/a> It offers a structure designed for those who want to enjoy the parades in peace. Located next to the drum section, it provides a privileged view of the parade and an experience closer to the energy of the samba schools.\u00a0<br>It&#039;s an excellent choice for those attending the Florian\u00f3polis Carnival for the first time, or for those who prefer a comfortable environment with an open bar on both days and open food on Saturday \u2013 nothing excessive, but everything is well taken care of.\u00a0<\/p>\n\n\n\n<div style=\"height:40px\" aria-hidden=\"true\" class=\"wp-block-spacer\"><\/div>\n\n\n\n<figure class=\"wp-block-gallery has-nested-images columns-default is-cropped wp-block-gallery-5 is-layout-flex wp-block-gallery-is-layout-flex\">\n<figure class=\"wp-block-image size-large\"><img loading=\"lazy\" decoding=\"async\" width=\"693\" height=\"397\" data-id=\"8714\" src=\"https:\/\/visitefloripa.com.br\/wp-content\/uploads\/2026\/01\/Captura-de-tela-2026-01-12-162219.png\" alt=\"\" class=\"wp-image-8714\" srcset=\"https:\/\/visitefloripa.com.br\/wp-content\/uploads\/2026\/01\/Captura-de-tela-2026-01-12-162219.png 693w, https:\/\/visitefloripa.com.br\/wp-content\/uploads\/2026\/01\/Captura-de-tela-2026-01-12-162219-300x172.png 300w, https:\/\/visitefloripa.com.br\/wp-content\/uploads\/2026\/01\/Captura-de-tela-2026-01-12-162219-18x10.png 18w\" sizes=\"(max-width: 693px) 100vw, 693px\" \/><\/figure>\n<\/figure>\n\n\n\n<div style=\"height:40px\" aria-hidden=\"true\" class=\"wp-block-spacer\"><\/div>\n\n\n\n<p><strong>Green and Pink Box<\/strong>&nbsp;<\/p>\n\n\n\n<p><strong>Recommended for:<\/strong>&nbsp;For those seeking a complete premium experience, with high standards of service and exclusivity.&nbsp;<\/p>\n\n\n\n<p>O<a href=\"https:\/\/visitefloripa.com.br\/en_us\/agenda\/camarote-verde-e-rosa-carnaval-floripa-2026\/\" target=\"_blank\" data-type=\"agenda\" data-id=\"8711\" rel=\"noreferrer noopener\"> Green and Pink Box<\/a> It is one of the most sophisticated venues at the Floripa Carnival. In addition to the privileged view of the avenue, it offers an open bar, open food, exclusive shows, and private lounges for groups.\u00a0\u00a0<\/p>\n\n\n\n<p>The personalized t-shirts, designed by Luciano Martins, reinforce the aesthetic care and identity of the space. It&#039;s a VIP area designed for those who want to experience Carnival as a grand social event, with comfort, style, and intensity.\u00a0<\/p>\n\n\n\n<div style=\"height:40px\" aria-hidden=\"true\" class=\"wp-block-spacer\"><\/div>\n\n\n\n<figure class=\"wp-block-gallery has-nested-images columns-default is-cropped wp-block-gallery-6 is-layout-flex wp-block-gallery-is-layout-flex\">\n<figure class=\"wp-block-image size-large\"><img loading=\"lazy\" decoding=\"async\" width=\"689\" height=\"398\" data-id=\"8712\" src=\"https:\/\/visitefloripa.com.br\/wp-content\/uploads\/2026\/01\/Captura-de-tela-2026-01-12-161557.png\" alt=\"\" class=\"wp-image-8712\" srcset=\"https:\/\/visitefloripa.com.br\/wp-content\/uploads\/2026\/01\/Captura-de-tela-2026-01-12-161557.png 689w, https:\/\/visitefloripa.com.br\/wp-content\/uploads\/2026\/01\/Captura-de-tela-2026-01-12-161557-300x173.png 300w, https:\/\/visitefloripa.com.br\/wp-content\/uploads\/2026\/01\/Captura-de-tela-2026-01-12-161557-18x10.png 18w\" sizes=\"(max-width: 689px) 100vw, 689px\" \/><\/figure>\n<\/figure>\n\n\n\n<div style=\"height:40px\" aria-hidden=\"true\" class=\"wp-block-spacer\"><\/div>\n\n\n\n<p><strong>Se Tu Dix VIP Box<\/strong>&nbsp;<\/p>\n\n\n\n<p><strong>Recommended for:<\/strong>&nbsp;For those who want to enjoy Carnival with everything included, in a lively and comfortable environment.&nbsp;<\/p>\n\n\n\n<p>O <a href=\"https:\/\/visitefloripa.com.br\/en_us\/agenda\/camarote-se-tu-dix-carnaval-floripa-2026\/\" data-type=\"agenda\" data-id=\"8709\">Se Tu Dix VIP Box<\/a>\u00a0The event is betting on an all-inclusive format, with a premium open bar and open food throughout the night. The idea is to allow the public to enjoy the parade without worrying about queues, consumption, or logistics.\u00a0\u00a0<\/p>\n\n\n\n<p>It&#039;s a VIP area that balances party atmosphere and comfort, attracting both tourists and locals who want to enjoy Carnival with more convenience.\u00a0<\/p>\n\n\n\n<div style=\"height:40px\" aria-hidden=\"true\" class=\"wp-block-spacer\"><\/div>\n\n\n\n<figure class=\"wp-block-gallery has-nested-images columns-default is-cropped wp-block-gallery-7 is-layout-flex wp-block-gallery-is-layout-flex\">\n<figure class=\"wp-block-image size-large\"><img loading=\"lazy\" decoding=\"async\" width=\"691\" height=\"401\" data-id=\"8710\" src=\"https:\/\/visitefloripa.com.br\/wp-content\/uploads\/2026\/01\/Captura-de-tela-2026-01-12-161343.png\" alt=\"\" class=\"wp-image-8710\" srcset=\"https:\/\/visitefloripa.com.br\/wp-content\/uploads\/2026\/01\/Captura-de-tela-2026-01-12-161343.png 691w, https:\/\/visitefloripa.com.br\/wp-content\/uploads\/2026\/01\/Captura-de-tela-2026-01-12-161343-300x174.png 300w, https:\/\/visitefloripa.com.br\/wp-content\/uploads\/2026\/01\/Captura-de-tela-2026-01-12-161343-18x10.png 18w\" sizes=\"(max-width: 691px) 100vw, 691px\" \/><\/figure>\n<\/figure>\n\n\n\n<div style=\"height:40px\" aria-hidden=\"true\" class=\"wp-block-spacer\"><\/div>\n\n\n\n<p><strong>VIP Box: How Beautiful!<\/strong>&nbsp;<\/p>\n\n\n\n<p><strong>Recommended for:<\/strong>&nbsp;For those seeking an intense, lively Carnival with a strong festive atmosphere.&nbsp;<\/p>\n\n\n\n<p>O <a href=\"https:\/\/visitefloripa.com.br\/en_us\/agenda\/camarote-que-beleza-carnaval-floripa-2026\/\" target=\"_blank\" data-type=\"agenda\" data-id=\"8707\" rel=\"noreferrer noopener\">VIP Box: How Beautiful! <\/a>It is known for its high energy and the programming that runs alongside the parades. In addition to watching the samba schools, the public enjoys national shows and DJs in an expanded space, with an open bar and open food.\u00a0\u00a0<\/p>\n\n\n\n<p>It&#039;s a VIP box that goes beyond the parade and functions as a huge party inside the Sambadrome, bringing together people from all over Brazil.\u00a0<\/p>\n\n\n\n<div style=\"height:40px\" aria-hidden=\"true\" class=\"wp-block-spacer\"><\/div>\n\n\n\n<figure class=\"wp-block-gallery has-nested-images columns-default is-cropped wp-block-gallery-8 is-layout-flex wp-block-gallery-is-layout-flex\">\n<figure class=\"wp-block-image size-large\"><img loading=\"lazy\" decoding=\"async\" width=\"691\" height=\"399\" data-id=\"8708\" src=\"https:\/\/visitefloripa.com.br\/wp-content\/uploads\/2026\/01\/Captura-de-tela-2026-01-12-161110.png\" alt=\"\" class=\"wp-image-8708\" srcset=\"https:\/\/visitefloripa.com.br\/wp-content\/uploads\/2026\/01\/Captura-de-tela-2026-01-12-161110.png 691w, https:\/\/visitefloripa.com.br\/wp-content\/uploads\/2026\/01\/Captura-de-tela-2026-01-12-161110-300x173.png 300w, https:\/\/visitefloripa.com.br\/wp-content\/uploads\/2026\/01\/Captura-de-tela-2026-01-12-161110-18x10.png 18w\" sizes=\"(max-width: 691px) 100vw, 691px\" \/><\/figure>\n<\/figure>\n\n\n\n<div style=\"height:40px\" aria-hidden=\"true\" class=\"wp-block-spacer\"><\/div>\n\n\n\n<p><strong>Camarote M\u00f4 Quirido<\/strong>&nbsp;<\/p>\n\n\n\n<p><strong>Recommended for:<\/strong>&nbsp;For those who value the cultural identity of Florian\u00f3polis and want to combine tradition and celebration.&nbsp;<\/p>\n\n\n\n<p>Inspired by island culture and Azorean traditions, the <a href=\"https:\/\/visitefloripa.com.br\/en_us\/agenda\/camarote-mo-quirido\/\" data-type=\"agenda\" data-id=\"8703\" target=\"_blank\" rel=\"noreferrer noopener\">M\u00f4 Quirid VIP Box<\/a>It offers an experience that blends samba, pagode, and local identity. During the breaks between parades and after the last school finishes, the party continues with pagode and a DJ until dawn.\u00a0<\/p>\n\n\n\n<p>The open bar and welcoming atmosphere make the space attractive to both locals and tourists who want to connect with the essence of the city&#039;s Carnival.\u00a0<\/p>\n\n\n\n<div style=\"height:40px\" aria-hidden=\"true\" class=\"wp-block-spacer\"><\/div>\n\n\n\n<figure class=\"wp-block-gallery has-nested-images columns-default is-cropped wp-block-gallery-9 is-layout-flex wp-block-gallery-is-layout-flex\">\n<figure class=\"wp-block-image size-large\"><img loading=\"lazy\" decoding=\"async\" width=\"693\" height=\"398\" data-id=\"8704\" src=\"https:\/\/visitefloripa.com.br\/wp-content\/uploads\/2026\/01\/Captura-de-tela-2026-01-12-160501.png\" alt=\"\" class=\"wp-image-8704\" srcset=\"https:\/\/visitefloripa.com.br\/wp-content\/uploads\/2026\/01\/Captura-de-tela-2026-01-12-160501.png 693w, https:\/\/visitefloripa.com.br\/wp-content\/uploads\/2026\/01\/Captura-de-tela-2026-01-12-160501-300x172.png 300w, https:\/\/visitefloripa.com.br\/wp-content\/uploads\/2026\/01\/Captura-de-tela-2026-01-12-160501-18x10.png 18w\" sizes=\"(max-width: 693px) 100vw, 693px\" \/><\/figure>\n<\/figure>\n\n\n\n<div style=\"height:40px\" aria-hidden=\"true\" class=\"wp-block-spacer\"><\/div>\n\n\n\n<p><strong>Our Frisa<\/strong>&nbsp;<\/p>\n\n\n\n<p><strong>Recommended for:<\/strong>&nbsp;For those who want to be close to the parade, but prefer more comfort and less hustle and bustle.&nbsp;<\/p>\n\n\n\n<p>A <a href=\"https:\/\/visitefloripa.com.br\/en_us\/agenda\/nossa-frisa-carnaval-floripa-2026\/\" data-type=\"agenda\" data-id=\"8705\" target=\"_blank\" rel=\"noreferrer noopener\">Our Frisa<\/a> It&#039;s located close to the parade route and the drum section, allowing you to closely observe every detail of the samba schools. It features an exclusive bar, private restrooms, and a relaxation lounge, offering a more tranquil experience within the Sambadrome.\u00a0<\/p>\n\n\n\n<p>It&#039;s an excellent alternative for those who want to focus on the show, without the intense pace of the party boxes.\u00a0<\/p>\n\n\n\n<div style=\"height:40px\" aria-hidden=\"true\" class=\"wp-block-spacer\"><\/div>\n\n\n\n<figure class=\"wp-block-gallery has-nested-images columns-default is-cropped wp-block-gallery-10 is-layout-flex wp-block-gallery-is-layout-flex\">\n<figure class=\"wp-block-image size-large\"><img loading=\"lazy\" decoding=\"async\" width=\"692\" height=\"397\" data-id=\"8706\" src=\"https:\/\/visitefloripa.com.br\/wp-content\/uploads\/2026\/01\/Captura-de-tela-2026-01-12-160846.png\" alt=\"\" class=\"wp-image-8706\" srcset=\"https:\/\/visitefloripa.com.br\/wp-content\/uploads\/2026\/01\/Captura-de-tela-2026-01-12-160846.png 692w, https:\/\/visitefloripa.com.br\/wp-content\/uploads\/2026\/01\/Captura-de-tela-2026-01-12-160846-300x172.png 300w, https:\/\/visitefloripa.com.br\/wp-content\/uploads\/2026\/01\/Captura-de-tela-2026-01-12-160846-18x10.png 18w\" sizes=\"(max-width: 692px) 100vw, 692px\" \/><\/figure>\n<\/figure>\n\n\n\n<div style=\"height:40px\" aria-hidden=\"true\" class=\"wp-block-spacer\"><\/div>\n\n\n\n<p><strong>Grandstands<\/strong>&nbsp;<\/p>\n\n\n\n<p><strong>Recommended for:<\/strong>&nbsp;For those seeking a traditional, lively, and accessible experience.&nbsp;<\/p>\n\n\n\n<p>To the <a href=\"https:\/\/visitefloripa.com.br\/en_us\/agenda\/carnaval-de-florianopolis-passarela-nego-quirido-fort-atacadista\/\" target=\"_blank\" data-type=\"agenda\" data-id=\"8700\" rel=\"noreferrer noopener\">bleachers<\/a> They are the most democratic way to experience Carnival at the Nego Quirido Parade Grounds. With a wide view of the avenue and sections organized by color, they offer a collective, vibrant, and energetic experience. Tickets are more affordable and allow you to feel the popular atmosphere of Florian\u00f3polis Carnival.\u00a0<\/p>\n\n\n\n<p>Carnival at the Nego Quirido catwalk offers different ways to experience the same spectacle \u2014 from the bleachers to the premium box seats. Assessing your travel profile, desired comfort level, and party style will help you choose the best option to enjoy Carnival Floripa 2026 your way.&nbsp;<\/p>\n\n\n\n<p><\/p>\n\n\n\n<p class=\"has-text-align-center\"><strong>All details, prices, and contact information are available in the Visite Floripa events calendar.<\/strong> <strong><a href=\"https:\/\/visitefloripa.com.br\/en_us\/agenda\/\" target=\"_blank\" data-type=\"link\" data-id=\"https:\/\/visitefloripa.com.br\/agenda\/\" rel=\"noreferrer noopener\">SEE HERE!\u00a0<\/a><\/strong><\/p>\n\n\n\n<div style=\"height:40px\" aria-hidden=\"true\" class=\"wp-block-spacer\"><\/div>\n\n\n\n<h2 class=\"wp-block-heading\"><strong>Private events and exclusive experiences<\/strong>&nbsp;<\/h2>\n\n\n\n<p><strong>Safari Beach Jurer\u00ea<\/strong>&nbsp;<\/p>\n\n\n\n<p>New this summer in Jurer\u00ea Internacional, the <a href=\"https:\/\/visitefloripa.com.br\/en_us\/agenda\/safari-beach-jurere\/\" target=\"_blank\" data-type=\"agenda\" data-id=\"5539\" rel=\"noreferrer noopener\">Safari Beach<\/a> It combines ocean views, electronic music, and an exclusive program with select dates throughout the summer and Carnival.\u00a0<\/p>\n\n\n\n<ul class=\"wp-block-list\">\n<li><strong>Dates:<\/strong>\u00a017\/01, 31\/01, 07\/02 and 14\/02\u00a0<\/li>\n<\/ul>\n\n\n\n<ul class=\"wp-block-list\">\n<li><strong>Tickets:<\/strong>\u00a0from R$90\u00a0<\/li>\n<\/ul>\n\n\n\n<ul class=\"wp-block-list\">\n<li><strong>Location:<\/strong>\u00a0Jurer\u00ea Internacional\u00a0<\/li>\n<\/ul>\n\n\n\n<div style=\"height:40px\" aria-hidden=\"true\" class=\"wp-block-spacer\"><\/div>\n\n\n\n<h2 class=\"wp-block-heading\"><strong>And what about Greater Florian\u00f3polis?<\/strong>&nbsp;<\/h2>\n\n\n\n<p>In addition to the programming in Florian\u00f3polis, the\u00a0<strong>Greater Florian\u00f3polis region<\/strong>\u00a0It also features other public and private events during the Carnival period. These options take place in neighboring municipalities and are advertised on [website\/platform name].\u00a0<strong><a href=\"https:\/\/visitefloripa.com.br\/en_us\/agenda\/\" target=\"_blank\" data-type=\"link\" data-id=\"https:\/\/visitefloripa.com.br\/agenda\/\" rel=\"noreferrer noopener\">Events Calendar from the Visite Floripa website<\/a><\/strong>, This makes it easier for those who want to extend their plans, create different itineraries, or combine the festivities with relaxation, beaches, and gastronomic experiences.<\/p>\n\n\n\n<div style=\"height:40px\" aria-hidden=\"true\" class=\"wp-block-spacer\"><\/div>\n\n\n\n<h2 class=\"wp-block-heading\"><strong>One Carnival, many ways to experience Floripa.<\/strong>&nbsp;<\/h2>\n\n\n\n<p>Whether it&#039;s street parties, cultural events, the Nego Quirido catwalk parades, or exclusive experiences, the 2026 Florian\u00f3polis Carnival offers options for all types of travelers. Plan your trip, choose your favorite events, and experience the best of Carnival on the Magic Island.&nbsp;<\/p>\n\n\n\n<p class=\"has-text-align-center\"><a href=\"https:\/\/visitefloripa.com.br\/en_us\/agenda\/\" target=\"_blank\" data-type=\"link\" data-id=\"https:\/\/visitefloripa.com.br\/agenda\/\" rel=\"noreferrer noopener\"><strong>Follow the complete and updated schedule on Visite Floripa.<\/strong>\u00a0<\/a><\/p>\n\n\n\n<p><\/p>","protected":false},"excerpt":{"rendered":"<p>Florian\u00f3polis is one of the most complete destinations to experience Carnival in Southern Brazil, and in 2026 the city will offer a diverse and well-distributed program of free events, street parades, cultural attractions, family options, private parties, and the traditional samba school parades at the Nego Quirido Passarela. From the pre-Carnival festivities, with the Volta \u00e0 Pra\u00e7a XV and the Rainha do Berbig\u00e3o do Boca contest, to the street Carnival spread throughout the city center and neighborhoods, to the different experiences at the Passarela \u2014 ranging from popular grandstands to premium VIP boxes \u2014 the capital of Santa Catarina offers alternatives for all types of revelers. To top it off, exclusive events like the Safari Beach Jurer\u00ea and other attractions in Greater Florian\u00f3polis further expand the possibilities, making Carnival Floripa 2026 an invitation to plan your trip and find, in one place, everything that the Magic Island has to offer during the festivities. <\/p>","protected":false},"author":3,"featured_media":8751,"comment_status":"closed","ping_status":"closed","sticky":false,"template":"","format":"standard","meta":{"footnotes":""},"categories":[163,37],"tags":[1025,1028,1030,726,738,1022,1023,1029,729,1027,1024,1031,1032,717,1026,558,723],"class_list":["post-8749","post","type-post","status-publish","format-standard","has-post-thumbnail","hentry","category-data-comemorativa","category-dicas","tag-agenda-de-eventos-florianopolis","tag-blocos-de-carnaval-florianopolis","tag-camarotes-carnaval-floripa","tag-carnaval-de-rua-florianopolis","tag-carnaval-em-florianopolis","tag-carnaval-florianopolis-2026","tag-carnaval-floripa","tag-carnaval-gratuito-florianopolis","tag-carnaval-no-sul-do-brasil","tag-desfiles-das-escolas-de-samba","tag-eventos-de-carnaval-florianopolis","tag-eventos-de-verao-florianopolis","tag-o-que-fazer-no-carnaval-em-florianopolis","tag-passarela-nego-quirido","tag-pre-carnaval-florianopolis","tag-turismo-em-florianopolis","tag-viagem-para-florianopolis"],"_links":{"self":[{"href":"https:\/\/visitefloripa.com.br\/en_us\/wp-json\/wp\/v2\/posts\/8749","targetHints":{"allow":["GET"]}}],"collection":[{"href":"https:\/\/visitefloripa.com.br\/en_us\/wp-json\/wp\/v2\/posts"}],"about":[{"href":"https:\/\/visitefloripa.com.br\/en_us\/wp-json\/wp\/v2\/types\/post"}],"author":[{"embeddable":true,"href":"https:\/\/visitefloripa.com.br\/en_us\/wp-json\/wp\/v2\/users\/3"}],"replies":[{"embeddable":true,"href":"https:\/\/visitefloripa.com.br\/en_us\/wp-json\/wp\/v2\/comments?post=8749"}],"version-history":[{"count":2,"href":"https:\/\/visitefloripa.com.br\/en_us\/wp-json\/wp\/v2\/posts\/8749\/revisions"}],"predecessor-version":[{"id":8753,"href":"https:\/\/visitefloripa.com.br\/en_us\/wp-json\/wp\/v2\/posts\/8749\/revisions\/8753"}],"wp:featuredmedia":[{"embeddable":true,"href":"https:\/\/visitefloripa.com.br\/en_us\/wp-json\/wp\/v2\/media\/8751"}],"wp:attachment":[{"href":"https:\/\/visitefloripa.com.br\/en_us\/wp-json\/wp\/v2\/media?parent=8749"}],"wp:term":[{"taxonomy":"category","embeddable":true,"href":"https:\/\/visitefloripa.com.br\/en_us\/wp-json\/wp\/v2\/categories?post=8749"},{"taxonomy":"post_tag","embeddable":true,"href":"https:\/\/visitefloripa.com.br\/en_us\/wp-json\/wp\/v2\/tags?post=8749"}],"curies":[{"name":"wp","href":"https:\/\/api.w.org\/{rel}","templated":true}]}}