{"id":10179,"date":"2026-08-31T14:06:37","date_gmt":"2026-08-31T17:06:37","guid":{"rendered":"https:\/\/visitefloripa.com.br\/?p=10179"},"modified":"2026-08-31T14:07:01","modified_gmt":"2026-08-31T17:07:01","slug":"que-hacer-en-la-gran-floripa-en-el-feriado-largo","status":"publish","type":"post","link":"https:\/\/visitefloripa.com.br\/es\/que-hacer-en-la-gran-floripa-en-el-feriado-largo\/","title":{"rendered":"10 ideas de qu\u00e9 hacer en el Gran Floripa en el feriado del 7 de septiembre\u00a0"},"content":{"rendered":"<h2 class=\"wp-block-heading\"><strong>Qu\u00e9 hacer en el Gran Floripa en el Puente Festivo<\/strong><\/h2>\n\n\n\n<p class=\"wp-block-paragraph\">Si usted est\u00e1 buscando\u00a0<strong>qu\u00e9 hacer en <a href=\"https:\/\/visitefloripa.com.br\/regiao\/\" target=\"_blank\" data-type=\"link\" data-id=\"https:\/\/visitefloripa.com.br\/regiao\/\" rel=\"noreferrer noopener\">Gran Floripa<\/a><\/strong>\u00a0en el fin de semana largo del 7 de septiembre, ya aviso una cosa: no hace falta poner playa en la planificaci\u00f3n para disfrutar mucho de la regi\u00f3n. De hecho, esta es una \u00e9poca en la que me gusta justamente mirar hacia el otro lado de la Gran Florian\u00f3polis \u2014aquel de las monta\u00f1as, de los pueblos peque\u00f1os, de las aguas termales, de las experiencias rurales, de la historia y de los lugares que se ponen todav\u00eda m\u00e1s ricos cuando la temperatura baja.\u00a0<\/p>\n\n\n\n<p class=\"wp-block-paragraph\">En 2026, el&nbsp;<strong>7 de septiembre cae en lunes<\/strong>, formando aquel fin de semana largo perfecto para salir un poco de la Isla y descubrir lo que existe en los municipios de alrededor.&nbsp;<\/p>\n\n\n\n<p class=\"wp-block-paragraph\">Y este texto no es un itinerario con \u201cs\u00e1bado haz esto, domingo ve a aquello\u201d. La idea es otra. Separ\u00e9 experiencias para que elijas seg\u00fan tu estilo, con qui\u00e9n est\u00e1s viajando y, principalmente, con el clima del d\u00eda.&nbsp;<\/p>\n\n\n\n<div style=\"height:40px\" aria-hidden=\"true\" class=\"wp-block-spacer\"><\/div>\n\n\n\n<h2 class=\"wp-block-heading\"><strong>1. Comience el fin de semana largo en un festival de autos antiguos en Santo Amaro da Imperatriz<\/strong>&nbsp;<\/h2>\n\n\n\n<p class=\"wp-block-paragraph\">En el d\u00eda\u00a0<strong>5 de septiembre de 2026<\/strong>, o Celebrate Park, em Santo Amaro da Imperatriz, recebe o\u00a0<strong><a href=\"https:\/\/visitefloripa.com.br\/agenda\/celebrate-park\/\" target=\"_blank\" data-type=\"link\" data-id=\"https:\/\/visitefloripa.com.br\/agenda\/celebrate-park\/\" rel=\"noreferrer noopener\">Festival Sur Brasile\u00f1o de Veh\u00edculos Antiguos \u2013 Exposici\u00f3n de Autos Cl\u00e1sicos Brasil<\/a><\/strong>. Empieza a las 8:00 h, y las entradas cuestan a partir de R$ 30.\u00a0<\/p>\n\n\n\n<p class=\"wp-block-paragraph\">Es una de esas opciones que pondr\u00eda en el radar incluso para quien no se considera un fan\u00e1tico de los autom\u00f3viles. Los eventos de veh\u00edculos antiguos suelen llamar la atenci\u00f3n por los detalles, por las historias detr\u00e1s de los modelos y, por supuesto, por la oportunidad de ver de cerca coches que normalmente solo aparecen en fotograf\u00edas, pel\u00edculas o encuentros especializados.&nbsp;<\/p>\n\n\n\n<p class=\"wp-block-paragraph\">Como ocurre ya el s\u00e1bado, 5 de septiembre, es una manera muy diferente de abrir el fin de semana largo sin depender de actividad al aire libre.&nbsp;<\/p>\n\n\n\n<p class=\"wp-block-paragraph\">Y a\u00fan tiene una ventaja: usted ya estar\u00e1 en Santo Amaro da Imperatriz, una de las ciudades que m\u00e1s aparecen en esta lista porque, para d\u00edas fr\u00edos, ella entrega algunas de las experiencias que m\u00e1s me gusta indicar cerca de Floripa.\u00a0<\/p>\n\n\n\n<div style=\"height:40px\" aria-hidden=\"true\" class=\"wp-block-spacer\"><\/div>\n\n\n\n<h2 class=\"wp-block-heading\"><strong>2. Entrar en un agua termal calentita mientras hace fr\u00edo afuera<\/strong>&nbsp;<\/h2>\n\n\n\n<p class=\"wp-block-paragraph\">Si alguien me pregunta\u00a0<strong>qu\u00e9 hacer en la Gran Floripa cuando hace fr\u00edo<\/strong>, <a href=\"https:\/\/visitefloripa.com.br\/regiao\/santo-amaro-da-imperatriz\/\" target=\"_blank\" data-type=\"regiao\" data-id=\"4327\" rel=\"noreferrer noopener\">Santo Amaro de la Emperatriz<\/a> aparece casi autom\u00e1ticamente en la conversaci\u00f3n.\u00a0<\/p>\n\n\n\n<p class=\"wp-block-paragraph\">La ciudad es conocida por las aguas termales, y una de las experiencias m\u00e1s tradicionales es la\u00a0<strong><a href=\"https:\/\/visitefloripa.com.br\/onde-ficar\/hotel-caldas-da-imperatriz\/\" target=\"_blank\" data-type=\"onde-ficar\" data-id=\"1414\" rel=\"noreferrer noopener\">Casa de Ba\u00f1os del Hotel Caldas da Imperatriz<\/a><\/strong>.\u00a0<\/p>\n\n\n\n<div style=\"height:40px\" aria-hidden=\"true\" class=\"wp-block-spacer\"><\/div>\n\n\n\n<figure class=\"wp-block-gallery has-nested-images columns-default is-cropped wp-block-gallery-1 is-layout-flex wp-block-gallery-is-layout-flex\">\n<figure class=\"wp-block-image size-large\"><img fetchpriority=\"high\" decoding=\"async\" width=\"1024\" height=\"577\" data-id=\"10180\" src=\"https:\/\/visitefloripa.com.br\/wp-content\/uploads\/2026\/08\/Casa-de-Banhos-3-1024x577.jpeg\" alt=\"\" class=\"wp-image-10180\" srcset=\"https:\/\/visitefloripa.com.br\/wp-content\/uploads\/2026\/08\/Casa-de-Banhos-3-1024x577.jpeg 1024w, https:\/\/visitefloripa.com.br\/wp-content\/uploads\/2026\/08\/Casa-de-Banhos-3-300x169.jpeg 300w, https:\/\/visitefloripa.com.br\/wp-content\/uploads\/2026\/08\/Casa-de-Banhos-3-768x432.jpeg 768w, https:\/\/visitefloripa.com.br\/wp-content\/uploads\/2026\/08\/Casa-de-Banhos-3-18x10.jpeg 18w, https:\/\/visitefloripa.com.br\/wp-content\/uploads\/2026\/08\/Casa-de-Banhos-3.jpeg 1156w\" sizes=\"(max-width: 1024px) 100vw, 1024px\" \/><figcaption class=\"wp-element-caption\">Bera de la Casa de Ba\u00f1os del Hotel Caldas da Imperatriz<\/figcaption><\/figure>\n<\/figure>\n\n\n\n<div style=\"height:40px\" aria-hidden=\"true\" class=\"wp-block-spacer\"><\/div>\n\n\n\n<p class=\"wp-block-paragraph\">S\u00e3o\u00a0<strong>14 ba\u00f1eras<\/strong>, algunas con hidromasaje, abastecidas con agua termal que llega directamente de la fuente a aproximadamente\u00a0<strong>39,8 \u00b0C<\/strong>. Cada ba\u00f1o dura unos 20 minutos. Est\u00e1 abierto todos los d\u00edas, de 8:00 a 19:00, con precios a partir de 25 R$.\u00a0<\/p>\n\n\n\n<p class=\"wp-block-paragraph\">Y no es la \u00fanica opci\u00f3n.&nbsp;<\/p>\n\n\n\n<p class=\"wp-block-paragraph\">Quien prefiere pasar m\u00e1s tiempo dentro del agua puede conocer el\u00a0<strong><a href=\"https:\/\/visitefloripa.com.br\/o-que-ver\/parque-aquatico-caldas-da-imperatriz\/\" target=\"_blank\" data-type=\"o-que-ver\" data-id=\"4741\" rel=\"noreferrer noopener\">Parque Acu\u00e1tico Caldas da Imperatriz<\/a><\/strong>, que cuenta con piscina termal para adultos y ni\u00f1os, adem\u00e1s de vestuarios, estacionamiento y otras estructuras de ocio.\u00a0<\/p>\n\n\n\n<div style=\"height:40px\" aria-hidden=\"true\" class=\"wp-block-spacer\"><\/div>\n\n\n\n<figure class=\"wp-block-gallery has-nested-images columns-default is-cropped wp-block-gallery-2 is-layout-flex wp-block-gallery-is-layout-flex\">\n<figure class=\"wp-block-image size-large\"><img decoding=\"async\" width=\"1024\" height=\"768\" data-id=\"4735\" src=\"https:\/\/visitefloripa.com.br\/wp-content\/uploads\/2024\/07\/Parque_Aquatico_Caldas_da_Imperatriz-2-1024x768.jpg\" alt=\"\" class=\"wp-image-4735\" srcset=\"https:\/\/visitefloripa.com.br\/wp-content\/uploads\/2024\/07\/Parque_Aquatico_Caldas_da_Imperatriz-2-1024x768.jpg 1024w, https:\/\/visitefloripa.com.br\/wp-content\/uploads\/2024\/07\/Parque_Aquatico_Caldas_da_Imperatriz-2-300x225.jpg 300w, https:\/\/visitefloripa.com.br\/wp-content\/uploads\/2024\/07\/Parque_Aquatico_Caldas_da_Imperatriz-2-768x576.jpg 768w, https:\/\/visitefloripa.com.br\/wp-content\/uploads\/2024\/07\/Parque_Aquatico_Caldas_da_Imperatriz-2-16x12.jpg 16w, https:\/\/visitefloripa.com.br\/wp-content\/uploads\/2024\/07\/Parque_Aquatico_Caldas_da_Imperatriz-2.jpg 1229w\" sizes=\"(max-width: 1024px) 100vw, 1024px\" \/><figcaption class=\"wp-element-caption\">Parque Acu\u00e1tico Caldas da Imperatriz<\/figcaption><\/figure>\n<\/figure>\n\n\n\n<div style=\"height:40px\" aria-hidden=\"true\" class=\"wp-block-spacer\"><\/div>\n\n\n\n<p class=\"wp-block-paragraph\">Quien quiera transformar el paseo en una escapada completa encuentra el\u00a0<strong><a href=\"https:\/\/visitefloripa.com.br\/onde-ficar\/plaza-caldas-da-imperatriz-resort-spa\/\" data-type=\"onde-ficar\" data-id=\"1229\" target=\"_blank\" rel=\"noreferrer noopener\">El Plaza Caldas da Imperatriz Resort &amp; Spa est\u00e1 situado en el coraz\u00f3n de la ciudad, a s\u00f3lo unos minutos de la playa.<\/a><\/strong>. El complejo utiliza las aguas termales en piscinas y ba\u00f1eras y est\u00e1 rodeado por una gran \u00e1rea verde a los pies de la Sierra del Tabuleiro.\u00a0<\/p>\n\n\n\n<div style=\"height:40px\" aria-hidden=\"true\" class=\"wp-block-spacer\"><\/div>\n\n\n\n<figure class=\"wp-block-gallery has-nested-images columns-default is-cropped wp-block-gallery-3 is-layout-flex wp-block-gallery-is-layout-flex\">\n<figure class=\"wp-block-image size-large\"><img decoding=\"async\" width=\"1024\" height=\"576\" data-id=\"9990\" src=\"https:\/\/visitefloripa.com.br\/wp-content\/uploads\/2026\/08\/Plaza-Caldas-1024x576.png\" alt=\"Plaza Caldas da Imperatriz Resort &amp; Spa\" class=\"wp-image-9990\" srcset=\"https:\/\/visitefloripa.com.br\/wp-content\/uploads\/2026\/08\/Plaza-Caldas-1024x576.png 1024w, https:\/\/visitefloripa.com.br\/wp-content\/uploads\/2026\/08\/Plaza-Caldas-300x169.png 300w, https:\/\/visitefloripa.com.br\/wp-content\/uploads\/2026\/08\/Plaza-Caldas-768x432.png 768w, https:\/\/visitefloripa.com.br\/wp-content\/uploads\/2026\/08\/Plaza-Caldas-1536x864.png 1536w, https:\/\/visitefloripa.com.br\/wp-content\/uploads\/2026\/08\/Plaza-Caldas-2048x1152.png 2048w, https:\/\/visitefloripa.com.br\/wp-content\/uploads\/2026\/08\/Plaza-Caldas-18x10.png 18w\" sizes=\"(max-width: 1024px) 100vw, 1024px\" \/><figcaption class=\"wp-element-caption\">El Plaza Caldas da Imperatriz Resort &amp; Spa est\u00e1 situado en el coraz\u00f3n de la ciudad, a s\u00f3lo unos minutos de la playa.<\/figcaption><\/figure>\n<\/figure>\n\n\n\n<div style=\"height:40px\" aria-hidden=\"true\" class=\"wp-block-spacer\"><\/div>\n\n\n\n<p class=\"wp-block-paragraph\">Son propuestas diferentes: ba\u00f1o termal tradicional, parque para pasar m\u00e1s tiempo o alojamiento con infraestructura completa. Usted elige la que combine mejor con el tipo de fin de semana largo que quiere vivir.\u00a0<\/p>\n\n\n\n<div style=\"height:40px\" aria-hidden=\"true\" class=\"wp-block-spacer\"><\/div>\n\n\n\n<h2 class=\"wp-block-heading\"><strong>3. Conocer un ingenio y descubrir c\u00f3mo se produce una cacha\u00e7a artesanal<\/strong>&nbsp;<\/h2>\n\n\n\n<p class=\"wp-block-paragraph\">Continuando en Santo Amaro da Imperatriz, hay una experiencia que mucha gente que vive en Floripa todav\u00eda no conoce: la visita a la\u00a0<strong><a href=\"https:\/\/visitefloripa.com.br\/o-que-ver\/visita-a-cachaca-do-imperador\/\" target=\"_blank\" data-type=\"o-que-ver\" data-id=\"1401\" rel=\"noreferrer noopener\">Cachaza del Emperador<\/a><\/strong>.\u00a0<\/p>\n\n\n\n<p class=\"wp-block-paragraph\">El espacio funciona en el hist\u00f3rico Ingenio del Emperador, una construcci\u00f3n de 1910, y ofrece una visita guiada que presenta el proceso de producci\u00f3n de la bebida, desde el cultivo de la ca\u00f1a hasta la destilaci\u00f3n. Al final, hay degustaci\u00f3n de cacha\u00e7as y licores.\u00a0<\/p>\n\n\n\n<div style=\"height:40px\" aria-hidden=\"true\" class=\"wp-block-spacer\"><\/div>\n\n\n\n<figure class=\"wp-block-gallery has-nested-images columns-default is-cropped wp-block-gallery-4 is-layout-flex wp-block-gallery-is-layout-flex\">\n<figure class=\"wp-block-image size-large\"><img loading=\"lazy\" decoding=\"async\" width=\"1024\" height=\"768\" data-id=\"8205\" src=\"https:\/\/visitefloripa.com.br\/wp-content\/uploads\/2023\/05\/Cachaca-do-Imperador-66-1024x768.jpg\" alt=\"Cachaza del Emperador \" class=\"wp-image-8205\" srcset=\"https:\/\/visitefloripa.com.br\/wp-content\/uploads\/2023\/05\/Cachaca-do-Imperador-66-1024x768.jpg 1024w, https:\/\/visitefloripa.com.br\/wp-content\/uploads\/2023\/05\/Cachaca-do-Imperador-66-300x225.jpg 300w, https:\/\/visitefloripa.com.br\/wp-content\/uploads\/2023\/05\/Cachaca-do-Imperador-66-768x576.jpg 768w, https:\/\/visitefloripa.com.br\/wp-content\/uploads\/2023\/05\/Cachaca-do-Imperador-66-1536x1152.jpg 1536w, https:\/\/visitefloripa.com.br\/wp-content\/uploads\/2023\/05\/Cachaca-do-Imperador-66-2048x1536.jpg 2048w, https:\/\/visitefloripa.com.br\/wp-content\/uploads\/2023\/05\/Cachaca-do-Imperador-66-16x12.jpg 16w\" sizes=\"(max-width: 1024px) 100vw, 1024px\" \/><figcaption class=\"wp-element-caption\">Cachaza del Emperador<\/figcaption><\/figure>\n<\/figure>\n\n\n\n<div style=\"height:40px\" aria-hidden=\"true\" class=\"wp-block-spacer\"><\/div>\n\n\n\n<p class=\"wp-block-paragraph\">Es el tipo de paseo que combina mucho con el fr\u00edo: conoces una producci\u00f3n local, escuchas historias, pruebas sabores diferentes y no tienes que estar deseando que el tiempo abra.\u00a0<\/p>\n\n\n\n<p class=\"wp-block-paragraph\">Otra cosa que me gusta de esta experiencia es precisamente que muestra una Gran Florian\u00f3polis que mucha gente no asocia con el viaje a Floripa.&nbsp;<\/p>\n\n\n\n<p class=\"wp-block-paragraph\">Quien viene aqu\u00ed por lo general piensa primero en mar, naturaleza y playas. Basta conducir unos pocos kil\u00f3metros hacia el interior para encontrar ingenios, peque\u00f1as propiedades, productos artesanales y experiencias completamente diferentes.&nbsp;<\/p>\n\n\n\n<p class=\"wp-block-paragraph\"><strong>Consejo importante:<\/strong>\u00a0Si participa en la degustaci\u00f3n, acuerden antes qui\u00e9n ser\u00e1 el conductor de regreso.\u00a0<\/p>\n\n\n\n<div style=\"height:40px\" aria-hidden=\"true\" class=\"wp-block-spacer\"><\/div>\n\n\n\n<p class=\"wp-block-paragraph\">\u00a0<\/p>\n\n\n\n<h2 class=\"wp-block-heading\"><strong>4. Hacer rafting \u2014 s\u00ed, incluso si est\u00e1 lloviendo<\/strong>&nbsp;<\/h2>\n\n\n\n<p class=\"wp-block-paragraph\">Ahora viene el consejo para el viajero que mira por la ventana, ve lluvia y piensa: \u201cse acab\u00f3 el paseo\u201d.&nbsp;<\/p>\n\n\n\n<p class=\"wp-block-paragraph\">No necesariamente. El\u00a0<strong><a href=\"https:\/\/visitefloripa.com.br\/o-que-ver\/rafting-no-rio-cubatao\/\" target=\"_blank\" data-type=\"o-que-ver\" data-id=\"1255\" rel=\"noreferrer noopener\">rafting en el r\u00edo Cubat\u00e3o<\/a>\u00a0queda a\u00fan mejor en d\u00edas de lluvia<\/strong>.\u00a0<\/p>\n\n\n\n<p class=\"wp-block-paragraph\">La actividad es operada por la\u00a0<strong>Apuama Rafting<\/strong>\u00a0y recorre aproximadamente\u00a0<strong>3,5 kil\u00f3metros<\/strong>, con una duraci\u00f3n media de dos horas. Hay tramos para diferentes niveles, y no es necesario entrenamiento previo ni saber nadar. La edad m\u00ednima indicada es a partir de 12 a\u00f1os, dependiendo de las condiciones y del nivel del r\u00edo.\u00a0<\/p>\n\n\n\n<div style=\"height:40px\" aria-hidden=\"true\" class=\"wp-block-spacer\"><\/div>\n\n\n\n<figure class=\"wp-block-gallery has-nested-images columns-default is-cropped wp-block-gallery-5 is-layout-flex wp-block-gallery-is-layout-flex\">\n<figure class=\"wp-block-image size-large\"><img loading=\"lazy\" decoding=\"async\" width=\"1024\" height=\"768\" data-id=\"1258\" src=\"https:\/\/visitefloripa.com.br\/wp-content\/uploads\/2023\/05\/Rafting-6_SITE-1024x768.jpg\" alt=\"Rafting en el r\u00edo Cubat\u00e3o\" class=\"wp-image-1258\" srcset=\"https:\/\/visitefloripa.com.br\/wp-content\/uploads\/2023\/05\/Rafting-6_SITE-1024x768.jpg 1024w, https:\/\/visitefloripa.com.br\/wp-content\/uploads\/2023\/05\/Rafting-6_SITE-300x225.jpg 300w, https:\/\/visitefloripa.com.br\/wp-content\/uploads\/2023\/05\/Rafting-6_SITE-768x576.jpg 768w, https:\/\/visitefloripa.com.br\/wp-content\/uploads\/2023\/05\/Rafting-6_SITE-1536x1152.jpg 1536w, https:\/\/visitefloripa.com.br\/wp-content\/uploads\/2023\/05\/Rafting-6_SITE-2048x1536.jpg 2048w\" sizes=\"(max-width: 1024px) 100vw, 1024px\" \/><figcaption class=\"wp-element-caption\">Rafting en el r\u00edo Cubat\u00e3o<\/figcaption><\/figure>\n<\/figure>\n\n\n\n<div style=\"height:40px\" aria-hidden=\"true\" class=\"wp-block-spacer\"><\/div>\n\n\n\n<p class=\"wp-block-paragraph\">Es pr\u00e1cticamente lo opuesto a la l\u00f3gica tradicional del turista: mientras algunas personas cancelan todo cuando empieza a llover, aqu\u00ed la lluvia puede formar parte de la experiencia.\u00a0<\/p>\n\n\n\n<p class=\"wp-block-paragraph\">Por supuesto que las actividades de aventura siempre dependen de las condiciones de seguridad evaluadas por el equipo en el d\u00eda. Pero si la operaci\u00f3n se est\u00e1 realizando con normalidad, la lluvia no significa autom\u00e1ticamente paseo cancelado.&nbsp;<\/p>\n\n\n\n<p class=\"wp-block-paragraph\">Y hay otra cosa: ya te vas a mojar.&nbsp;<\/p>\n\n\n\n<p class=\"wp-block-paragraph\">Entonces, si su estilo de viaje es m\u00e1s \u201cvamos a vivir una historia para contar despu\u00e9s\u201d que \u201cvamos a esperar a que el tiempo mejore\u201d, tal vez esta sea una de las mejores elecciones de este fin de semana largo.\u00a0<\/p>\n\n\n\n<div style=\"height:40px\" aria-hidden=\"true\" class=\"wp-block-spacer\"><\/div>\n\n\n\n<h2 class=\"wp-block-heading\"><strong>5. Cosechar fresas y tomar caf\u00e9 en Rancho Queimado<\/strong>&nbsp;<\/h2>\n\n\n\n<p class=\"wp-block-paragraph\">Ahora continuamos hacia una ciudad que tiene pr\u00e1cticamente la cara de un fin de semana largo fr\u00edo:\u00a0<strong><a href=\"https:\/\/visitefloripa.com.br\/regiao\/rancho-queimado\/\" target=\"_blank\" data-type=\"regiao\" data-id=\"4326\" rel=\"noreferrer noopener\">Rancho Quemado<\/a><\/strong>.\u00a0<\/p>\n\n\n\n<p class=\"wp-block-paragraph\">Una experiencia que combina mucho con septiembre es conocer los espacios ligados a la producci\u00f3n de fresas.&nbsp;<\/p>\n\n\n\n<p class=\"wp-block-paragraph\">O\u00a0<strong><a href=\"https:\/\/visitefloripa.com.br\/o-que-ver\/choco-rancho-rancho-queimado\/\" target=\"_blank\" data-type=\"o-que-ver\" data-id=\"9662\" rel=\"noreferrer noopener\">Choco Rancho<\/a><\/strong>, por ejemplo, re\u00fane caf\u00e9, productos artesanales y un invernadero donde es posible participar en el cosecha y paga de fresas. El espacio funciona diariamente de 9:00 a 17:00.\u00a0<\/p>\n\n\n\n<div style=\"height:40px\" aria-hidden=\"true\" class=\"wp-block-spacer\"><\/div>\n\n\n\n<figure class=\"wp-block-gallery has-nested-images columns-default is-cropped wp-block-gallery-6 is-layout-flex wp-block-gallery-is-layout-flex\">\n<figure class=\"wp-block-image size-large\"><img loading=\"lazy\" decoding=\"async\" width=\"1024\" height=\"474\" data-id=\"9664\" src=\"https:\/\/visitefloripa.com.br\/wp-content\/uploads\/2026\/06\/Choco-Rancho-2-1024x474.png\" alt=\"Choco Rancho\" class=\"wp-image-9664\" srcset=\"https:\/\/visitefloripa.com.br\/wp-content\/uploads\/2026\/06\/Choco-Rancho-2-1024x474.png 1024w, https:\/\/visitefloripa.com.br\/wp-content\/uploads\/2026\/06\/Choco-Rancho-2-300x139.png 300w, https:\/\/visitefloripa.com.br\/wp-content\/uploads\/2026\/06\/Choco-Rancho-2-768x355.png 768w, https:\/\/visitefloripa.com.br\/wp-content\/uploads\/2026\/06\/Choco-Rancho-2-1536x711.png 1536w, https:\/\/visitefloripa.com.br\/wp-content\/uploads\/2026\/06\/Choco-Rancho-2-18x8.png 18w, https:\/\/visitefloripa.com.br\/wp-content\/uploads\/2026\/06\/Choco-Rancho-2.png 1844w\" sizes=\"(max-width: 1024px) 100vw, 1024px\" \/><figcaption class=\"wp-element-caption\">Choco Rancho<\/figcaption><\/figure>\n<\/figure>\n\n\n\n<div style=\"height:40px\" aria-hidden=\"true\" class=\"wp-block-spacer\"><\/div>\n\n\n\n<p class=\"wp-block-paragraph\">Esta es una excelente opci\u00f3n para quienes viajan con ni\u00f1os, en pareja o simplemente quieren hacer algo diferente sin tener que enfrentar una caminata.\u00a0<\/p>\n\n\n\n<p class=\"wp-block-paragraph\">Y si su negocio es menos \u201ccosechar\u201d y m\u00e1s \u201csentar, comer y conversar\u201d, Rancho Queimado tambi\u00e9n tiene buenas opciones.&nbsp;<\/p>\n\n\n\n<p class=\"wp-block-paragraph\">O\u00a0<strong><a href=\"https:\/\/visitefloripa.com.br\/o-que-ver\/kaufer-cafe-com-morango\/\" target=\"_blank\" data-type=\"o-que-ver\" data-id=\"9686\" rel=\"noreferrer noopener\">K\u00e4ufer Caf\u00e9 con fresa<\/a><\/strong>, por ejemplo, sirve caf\u00e9 colonial en un ambiente inspirado en aquella comida casera de pueblo que combina perfectamente con la temperatura baja. El establecimiento funciona de viernes a domingo, de 11:00 a 19:00.\u00a0<\/p>\n\n\n\n<div style=\"height:40px\" aria-hidden=\"true\" class=\"wp-block-spacer\"><\/div>\n\n\n\n<figure class=\"wp-block-gallery has-nested-images columns-default is-cropped wp-block-gallery-7 is-layout-flex wp-block-gallery-is-layout-flex\">\n<figure class=\"wp-block-image size-large\"><img loading=\"lazy\" decoding=\"async\" width=\"1024\" height=\"575\" data-id=\"9688\" src=\"https:\/\/visitefloripa.com.br\/wp-content\/uploads\/2026\/06\/Kaufer-1-1024x575.png\" alt=\"Comprador\" class=\"wp-image-9688\" srcset=\"https:\/\/visitefloripa.com.br\/wp-content\/uploads\/2026\/06\/Kaufer-1-1024x575.png 1024w, https:\/\/visitefloripa.com.br\/wp-content\/uploads\/2026\/06\/Kaufer-1-300x169.png 300w, https:\/\/visitefloripa.com.br\/wp-content\/uploads\/2026\/06\/Kaufer-1-768x432.png 768w, https:\/\/visitefloripa.com.br\/wp-content\/uploads\/2026\/06\/Kaufer-1-1536x863.png 1536w, https:\/\/visitefloripa.com.br\/wp-content\/uploads\/2026\/06\/Kaufer-1-18x10.png 18w, https:\/\/visitefloripa.com.br\/wp-content\/uploads\/2026\/06\/Kaufer-1.png 1673w\" sizes=\"(max-width: 1024px) 100vw, 1024px\" \/><figcaption class=\"wp-element-caption\">Comprador<\/figcaption><\/figure>\n<\/figure>\n\n\n\n<div style=\"height:40px\" aria-hidden=\"true\" class=\"wp-block-spacer\"><\/div>\n\n\n\n<p class=\"wp-block-paragraph\">Para m\u00ed, ese es el encanto de Rancho Queimado: no necesita tener una atracci\u00f3n gigantesca para justificar el viaje. A veces, la gracia est\u00e1 justamente en tomar la carretera, sentir la temperatura disminuir y pasar algunas horas comiendo bien y conociendo a quien produce las cosas por all\u00ed.\u00a0<\/p>\n\n\n\n<div style=\"height:40px\" aria-hidden=\"true\" class=\"wp-block-spacer\"><\/div>\n\n\n\n<h2 class=\"wp-block-heading\"><strong>6. Cambiar el sendero por una experiencia de vino en Rancho Queimado<\/strong>&nbsp;<\/h2>\n\n\n\n<p class=\"wp-block-paragraph\">Si la idea es algo m\u00e1s adulto y tranquilo, existe otra experiencia que combina demasiado con el fr\u00edo: la\u00a0<strong><a href=\"https:\/\/visitefloripa.com.br\/o-que-ver\/goyah-vinhos-rancho-queimado\/\" target=\"_blank\" data-type=\"o-que-ver\" data-id=\"9673\" rel=\"noreferrer noopener\">Goyah Vinos y Vi\u00f1edos<\/a><\/strong>.\u00a0<\/p>\n\n\n\n<p class=\"wp-block-paragraph\">La propiedad est\u00e1 ubicada en Rancho Queimado y ofrece experiencias relacionadas con el enoturismo, incluyendo degustaci\u00f3n y visita guiada. Actualmente, la bodega funciona los viernes por la tarde y los s\u00e1bados y domingos de 10:00 a 18:00. En otros d\u00edas, la atenci\u00f3n puede realizarse previa cita.\u00a0<\/p>\n\n\n\n<div style=\"height:40px\" aria-hidden=\"true\" class=\"wp-block-spacer\"><\/div>\n\n\n\n<figure class=\"wp-block-gallery has-nested-images columns-default is-cropped wp-block-gallery-8 is-layout-flex wp-block-gallery-is-layout-flex\">\n<figure class=\"wp-block-image size-large\"><img loading=\"lazy\" decoding=\"async\" width=\"1060\" height=\"596\" data-id=\"10181\" src=\"https:\/\/visitefloripa.com.br\/wp-content\/uploads\/2026\/08\/GOYAH-3-edited.png\" alt=\"\" class=\"wp-image-10181\" srcset=\"https:\/\/visitefloripa.com.br\/wp-content\/uploads\/2026\/08\/GOYAH-3-edited.png 1060w, https:\/\/visitefloripa.com.br\/wp-content\/uploads\/2026\/08\/GOYAH-3-edited-300x169.png 300w, https:\/\/visitefloripa.com.br\/wp-content\/uploads\/2026\/08\/GOYAH-3-edited-1024x576.png 1024w, https:\/\/visitefloripa.com.br\/wp-content\/uploads\/2026\/08\/GOYAH-3-edited-768x432.png 768w, https:\/\/visitefloripa.com.br\/wp-content\/uploads\/2026\/08\/GOYAH-3-edited-18x10.png 18w\" sizes=\"(max-width: 1060px) 100vw, 1060px\" \/><figcaption class=\"wp-element-caption\">Goyah Vinos y Vi\u00f1edos<\/figcaption><\/figure>\n<\/figure>\n\n\n\n<div style=\"height:40px\" aria-hidden=\"true\" class=\"wp-block-spacer\"><\/div>\n\n\n\n<p class=\"wp-block-paragraph\">Me gusta este tipo de experiencia justamente porque cambia completamente la percepci\u00f3n de quien cree que un viaje a la Gran Florian\u00f3polis necesita girar en torno al litoral.\u00a0<\/p>\n\n\n\n<p class=\"wp-block-paragraph\">Sales de la isla y, poco despu\u00e9s, est\u00e1s en un escenario rural, catando vinos y conociendo un emprendimiento que trabaja con la identidad del interior.&nbsp;<\/p>\n\n\n\n<p class=\"wp-block-paragraph\">Si est\u00e1s viajando en pareja o con un grupo de amigos, lo pondr\u00eda f\u00e1cilmente entre las primeras opciones.&nbsp;<\/p>\n\n\n\n<p class=\"wp-block-paragraph\">Y vale la misma regla de la cacha\u00e7a: si hay degustaci\u00f3n, conductor designado definido antes de salir.\u00a0<\/p>\n\n\n\n<div style=\"height:40px\" aria-hidden=\"true\" class=\"wp-block-spacer\"><\/div>\n\n\n\n<h2 class=\"wp-block-heading\"><strong>7. Entrar en una casa del siglo XIX y conocer la historia azoriana en Bigua\u00e7u<\/strong>&nbsp;<\/h2>\n\n\n\n<p class=\"wp-block-paragraph\">Este es probablemente uno de los consejos m\u00e1s subestimados de la lista.&nbsp;<\/p>\n\n\n\n<p class=\"wp-block-paragraph\">En <a href=\"https:\/\/visitefloripa.com.br\/regiao\/biguacu\/\" target=\"_blank\" data-type=\"regiao\" data-id=\"4313\" rel=\"noreferrer noopener\">Biga\u00e7u<\/a>, a unos 24 kil\u00f3metros de Florian\u00f3polis, se encuentra el\u00a0<strong><a href=\"https:\/\/visitefloripa.com.br\/o-que-ver\/museu-etnografico-casa-dos-acores\/\" target=\"_blank\" data-type=\"o-que-ver\" data-id=\"924\" rel=\"noreferrer noopener\">Museo Etnogr\u00e1fico Casa dos Azores<\/a><\/strong>, instalado en un edificio del siglo XIX y dedicado a la preservaci\u00f3n de la cultura azoriana-madeire\u00f1a de la regi\u00f3n. El acervo incluye muebles, ropa y otras piezas hist\u00f3ricas.\u00a0<\/p>\n\n\n\n<p class=\"wp-block-paragraph\">El museo forma parte del conjunto hist\u00f3rico de S\u00e3o Miguel, junto al\u00a0<strong><a href=\"https:\/\/visitefloripa.com.br\/o-que-ver\/igreja-de-sao-miguel\/\" target=\"_blank\" data-type=\"link\" data-id=\"https:\/\/visitefloripa.com.br\/o-que-ver\/igreja-de-sao-miguel\/\" rel=\"noreferrer noopener\">Iglesia de San Miguel Arc\u00e1ngel<\/a><\/strong>\u00a0y de los vestigios del antiguo acueducto. La instituci\u00f3n es administrada por la Fundaci\u00f3n Catarinense de Cultura \u2013 FCC.\u00a0<\/p>\n\n\n\n<div style=\"height:40px\" aria-hidden=\"true\" class=\"wp-block-spacer\"><\/div>\n\n\n\n<figure class=\"wp-block-gallery has-nested-images columns-default is-cropped wp-block-gallery-9 is-layout-flex wp-block-gallery-is-layout-flex\">\n<figure class=\"wp-block-image size-large\"><img loading=\"lazy\" decoding=\"async\" width=\"1024\" height=\"576\" data-id=\"2425\" src=\"https:\/\/visitefloripa.com.br\/wp-content\/uploads\/2023\/08\/Igreja_de-Sao_Miguel_e_Museu_Etnografico_Casa_dos_Acores-1024x576.jpg\" alt=\"\" class=\"wp-image-2425\" srcset=\"https:\/\/visitefloripa.com.br\/wp-content\/uploads\/2023\/08\/Igreja_de-Sao_Miguel_e_Museu_Etnografico_Casa_dos_Acores-1024x576.jpg 1024w, https:\/\/visitefloripa.com.br\/wp-content\/uploads\/2023\/08\/Igreja_de-Sao_Miguel_e_Museu_Etnografico_Casa_dos_Acores-300x169.jpg 300w, https:\/\/visitefloripa.com.br\/wp-content\/uploads\/2023\/08\/Igreja_de-Sao_Miguel_e_Museu_Etnografico_Casa_dos_Acores-768x432.jpg 768w, https:\/\/visitefloripa.com.br\/wp-content\/uploads\/2023\/08\/Igreja_de-Sao_Miguel_e_Museu_Etnografico_Casa_dos_Acores-1536x864.jpg 1536w, https:\/\/visitefloripa.com.br\/wp-content\/uploads\/2023\/08\/Igreja_de-Sao_Miguel_e_Museu_Etnografico_Casa_dos_Acores-2048x1152.jpg 2048w, https:\/\/visitefloripa.com.br\/wp-content\/uploads\/2023\/08\/Igreja_de-Sao_Miguel_e_Museu_Etnografico_Casa_dos_Acores-18x10.jpg 18w\" sizes=\"(max-width: 1024px) 100vw, 1024px\" \/><figcaption class=\"wp-element-caption\">Iglesia de San Miguel y Museo etnogr\u00e1fico<\/figcaption><\/figure>\n<\/figure>\n\n\n\n<div style=\"height:40px\" aria-hidden=\"true\" class=\"wp-block-spacer\"><\/div>\n\n\n\n<p class=\"wp-block-paragraph\">Lo recomendar\u00eda especialmente para quienes disfrutan entendiendo el lugar que est\u00e1n visitando.\u00a0<\/p>\n\n\n\n<p class=\"wp-block-paragraph\">Porque despu\u00e9s de conocer un poco de esta historia, varias cosas que ves en Florian\u00f3polis pasan a tener m\u00e1s sentido: la arquitectura, las tradiciones, la gastronom\u00eda y la propia presencia azoriana que a\u00fan marca profundamente la regi\u00f3n.&nbsp;<\/p>\n\n\n\n<p class=\"wp-block-paragraph\">Y es un excelente as bajo la manga si est\u00e1 lloviendo.\u00a0<\/p>\n\n\n\n<div style=\"height:40px\" aria-hidden=\"true\" class=\"wp-block-spacer\"><\/div>\n\n\n\n<h2 class=\"wp-block-heading\"><strong>8. Conocer el Santuario Santa Paulina en Nova Trento<\/strong>&nbsp;<\/h2>\n\n\n\n<p class=\"wp-block-paragraph\">Incluso quien no est\u00e1 haciendo un viaje espec\u00edficamente religioso puede sorprenderse con\u00a0<strong><a href=\"https:\/\/visitefloripa.com.br\/regiao\/nova-trento\/\" target=\"_blank\" data-type=\"regiao\" data-id=\"4320\" rel=\"noreferrer noopener\">Nuevo Trento<\/a><\/strong>.\u00a0<\/p>\n\n\n\n<p class=\"wp-block-paragraph\">El municipio es conocido por el turismo religioso y cuenta con dos grandes santuarios: el Santuario de Santa Paulina y el <a href=\"https:\/\/santuarionsbomsocorro.com.br\/\" target=\"_blank\" data-type=\"link\" data-id=\"https:\/\/santuarionsbomsocorro.com.br\/\" rel=\"noreferrer noopener\">Santuario Nuestra Se\u00f1ora del Buen Socorro<\/a>.\u00a0<\/p>\n\n\n\n<p class=\"wp-block-paragraph\">Para un d\u00eda fr\u00edo o lluvioso, yo elegir\u00eda el\u00a0<strong><a href=\"https:\/\/visitefloripa.com.br\/o-que-ver\/santuario-santa-paulina\/\" target=\"_blank\" data-type=\"o-que-ver\" data-id=\"4533\" rel=\"noreferrer noopener\">Santuario de Santa Paulina<\/a><\/strong>.\u00a0<\/p>\n\n\n\n<p class=\"wp-block-paragraph\">El complejo cuenta con un templo de unos 9 mil metros cuadrados de \u00e1rea construida, adem\u00e1s de restaurante, tienda de recuerdos, hospedaje y espacios exteriores.&nbsp;<\/p>\n\n\n\n<p class=\"wp-block-paragraph\">M\u00e1s all\u00e1 de llegar, entrar en la iglesia e irse, vale la pena reservar un tiempo para entender la historia de Santa Paulina y su importancia para Nova Trento.&nbsp;<\/p>\n\n\n\n<p class=\"wp-block-paragraph\">Es una opci\u00f3n tranquila para familias, adultos mayores, parejas o cualquier viajero que quiera cambiar el ajetreo por unas horas de contemplaci\u00f3n, historia y espiritualidad.\u00a0<\/p>\n\n\n\n<div style=\"height:40px\" aria-hidden=\"true\" class=\"wp-block-spacer\"><\/div>\n\n\n\n<h2 class=\"wp-block-heading\"><strong>9. Descubrir la historia de la primera colonia alemana de Santa Catarina en S\u00e3o Pedro de Alc\u00e2ntara<\/strong>&nbsp;<\/h2>\n\n\n\n<p class=\"wp-block-paragraph\">Otra ciudad por la que mucha gente pasa cerca y no conoce de verdad es\u00a0<strong><a href=\"https:\/\/visitefloripa.com.br\/regiao\/sao-pedro-de-alcantara\/\" target=\"_blank\" data-type=\"regiao\" data-id=\"4333\" rel=\"noreferrer noopener\">San Pedro de Alc\u00e1ntara<\/a><\/strong>.\u00a0<\/p>\n\n\n\n<p class=\"wp-block-paragraph\">El municipio fue fundado en 1829 y es la colonia alemana m\u00e1s antigua de Santa Catarina. Entre los elementos que ayudan a contar esta historia se encuentran la\u00a0<strong>Iglesia Madre<\/strong>, Oh\u00a0<strong><a href=\"https:\/\/visitefloripa.com.br\/o-que-ver\/casarao-kretzer\/\" target=\"_blank\" data-type=\"o-que-ver\" data-id=\"2273\" rel=\"noreferrer noopener\">Mansi\u00f3n Kretzer<\/a>\u00a0<\/strong>y otros lugares de inter\u00e9s hist\u00f3rico repartidos por la ciudad.\u00a0<\/p>\n\n\n\n<p class=\"wp-block-paragraph\">A\u00a0<strong><a href=\"https:\/\/visitefloripa.com.br\/o-que-ver\/igreja-matriz-de-sao-pedro-de-alcantara\/\" target=\"_blank\" data-type=\"o-que-ver\" data-id=\"929\" rel=\"noreferrer noopener\">Iglesia Matriz de S\u00e3o Pedro de Alc\u00e2ntara<\/a><\/strong>\u00a0Es un punto de partida ideal. El templo actual se inaugur\u00f3 en 1929, durante las celebraciones del centenario de la colonia; cuenta con un altar de madera y se encuentra en una zona elevada del centro. La iglesia abre todos los d\u00edas, de 8:00 a 19:00, y la entrada es gratuita.\u00a0<\/p>\n\n\n\n<div style=\"height:40px\" aria-hidden=\"true\" class=\"wp-block-spacer\"><\/div>\n\n\n\n<figure class=\"wp-block-gallery has-nested-images columns-default is-cropped wp-block-gallery-10 is-layout-flex wp-block-gallery-is-layout-flex\">\n<figure class=\"wp-block-image size-large\"><img loading=\"lazy\" decoding=\"async\" width=\"1024\" height=\"576\" data-id=\"928\" src=\"https:\/\/visitefloripa.com.br\/wp-content\/uploads\/2023\/05\/Igreja-Matriz-de-Sao-Pedro-de-Alcantara-5_SITE-1024x576.jpg\" alt=\"Iglesia Matriz de San Pedro de Alc\u00e1ntara\" class=\"wp-image-928\" srcset=\"https:\/\/visitefloripa.com.br\/wp-content\/uploads\/2023\/05\/Igreja-Matriz-de-Sao-Pedro-de-Alcantara-5_SITE-1024x576.jpg 1024w, https:\/\/visitefloripa.com.br\/wp-content\/uploads\/2023\/05\/Igreja-Matriz-de-Sao-Pedro-de-Alcantara-5_SITE-300x169.jpg 300w, https:\/\/visitefloripa.com.br\/wp-content\/uploads\/2023\/05\/Igreja-Matriz-de-Sao-Pedro-de-Alcantara-5_SITE-768x432.jpg 768w, https:\/\/visitefloripa.com.br\/wp-content\/uploads\/2023\/05\/Igreja-Matriz-de-Sao-Pedro-de-Alcantara-5_SITE-1536x864.jpg 1536w, https:\/\/visitefloripa.com.br\/wp-content\/uploads\/2023\/05\/Igreja-Matriz-de-Sao-Pedro-de-Alcantara-5_SITE-2048x1152.jpg 2048w\" sizes=\"(max-width: 1024px) 100vw, 1024px\" \/><figcaption class=\"wp-element-caption\">Iglesia Matriz de S\u00e3o Pedro de Alc\u00e2ntara<\/figcaption><\/figure>\n<\/figure>\n\n\n\n<div style=\"height:40px\" aria-hidden=\"true\" class=\"wp-block-spacer\"><\/div>\n\n\n\n<p class=\"wp-block-paragraph\">Otra parada curiosa es el\u00a0<strong><a href=\"https:\/\/visitefloripa.com.br\/o-que-ver\/mosaico-de-santa-filomena\/\" target=\"_blank\" data-type=\"o-que-ver\" data-id=\"6057\" rel=\"noreferrer noopener\">Mosaico de Santa Filomena<\/a><\/strong>, creado por los artistas Rodrigo de Haro e Id\u00e9sio Leal. La obra fue inaugurada en 2005 y representa tanto la historia religiosa como referencias a la inmigraci\u00f3n germ\u00e1nica en la regi\u00f3n.\u00a0\u00a0<\/p>\n\n\n\n<p class=\"wp-block-paragraph\">Al otro lado de la calle est\u00e1 el\u00a0<strong>Mansi\u00f3n Kretzer<\/strong>, construido en 1920. Es de propiedad privada y la visita es solo externa, pero vale la pena observar la arquitectura e imaginar que el espacio alguna vez reuni\u00f3 comercio, almac\u00e9n, sal\u00f3n de baile y posada para arrieros.\u00a0<\/p>\n\n\n\n<div style=\"height:40px\" aria-hidden=\"true\" class=\"wp-block-spacer\"><\/div>\n\n\n\n<figure class=\"wp-block-gallery has-nested-images columns-default is-cropped wp-block-gallery-11 is-layout-flex wp-block-gallery-is-layout-flex\">\n<figure class=\"wp-block-image size-large\"><img loading=\"lazy\" decoding=\"async\" width=\"1024\" height=\"461\" data-id=\"2302\" src=\"https:\/\/visitefloripa.com.br\/wp-content\/uploads\/2023\/08\/Casarao-Kretzer-2-1024x461.jpg\" alt=\"mansi\u00f3n kretzer \" class=\"wp-image-2302\" srcset=\"https:\/\/visitefloripa.com.br\/wp-content\/uploads\/2023\/08\/Casarao-Kretzer-2-1024x461.jpg 1024w, https:\/\/visitefloripa.com.br\/wp-content\/uploads\/2023\/08\/Casarao-Kretzer-2-300x135.jpg 300w, https:\/\/visitefloripa.com.br\/wp-content\/uploads\/2023\/08\/Casarao-Kretzer-2-768x346.jpg 768w, https:\/\/visitefloripa.com.br\/wp-content\/uploads\/2023\/08\/Casarao-Kretzer-2-1536x691.jpg 1536w, https:\/\/visitefloripa.com.br\/wp-content\/uploads\/2023\/08\/Casarao-Kretzer-2-2048x922.jpg 2048w, https:\/\/visitefloripa.com.br\/wp-content\/uploads\/2023\/08\/Casarao-Kretzer-2-18x8.jpg 18w\" sizes=\"(max-width: 1024px) 100vw, 1024px\" \/><figcaption class=\"wp-element-caption\">mansi\u00f3n kretzer <\/figcaption><\/figure>\n<\/figure>\n\n\n\n<div style=\"height:40px\" aria-hidden=\"true\" class=\"wp-block-spacer\"><\/div>\n\n\n\n<p class=\"wp-block-paragraph\">Aqu\u00ed yo har\u00eda solo una salvedad: si est\u00e1 cayendo esa lluvia realmente fuerte y constante, deje el mosaico y la casona para otro momento. Si solo est\u00e1 lloviznando o el tiempo se abre entre una lluvia y otra, la ciudad funciona muy bien para este tipo de paseo m\u00e1s tranquilo.\u00a0<\/p>\n\n\n\n<div style=\"height:40px\" aria-hidden=\"true\" class=\"wp-block-spacer\"><\/div>\n\n\n\n<h2 class=\"wp-block-heading\"><strong>10. Afronte el sendero de los Soldados Sebold, en Alfredo Wagner<\/strong>&nbsp;<\/h2>\n\n\n\n<p class=\"wp-block-paragraph\">Si el fin de semana largo tiene al menos un d\u00eda de tiempo despejado, una excelente opci\u00f3n es conocer los\u00a0<strong><a href=\"https:\/\/visitefloripa.com.br\/o-que-ver\/soldados-sebold\/\" target=\"_blank\" data-type=\"o-que-ver\" data-id=\"860\" rel=\"noreferrer noopener\">Soldados de Sebold<\/a>, en <a href=\"https:\/\/visitefloripa.com.br\/regiao\/alfredo-wagner\/\" target=\"_blank\" data-type=\"regiao\" data-id=\"4305\" rel=\"noreferrer noopener\">alfredo wagner<\/a><\/strong>. Las formaciones rocosas llaman la atenci\u00f3n por el aspecto que recuerda a soldados en fila. Para llegar hasta ellas, una de las opciones es seguir por la\u00a0<strong>Sendero cl\u00e1sico<\/strong>, con cerca de 6 kil\u00f3metros de caminata.\u00a0\u00a0<\/p>\n\n\n\n<div style=\"height:40px\" aria-hidden=\"true\" class=\"wp-block-spacer\"><\/div>\n\n\n\n<figure class=\"wp-block-gallery has-nested-images columns-default is-cropped wp-block-gallery-12 is-layout-flex wp-block-gallery-is-layout-flex\">\n<figure class=\"wp-block-image size-large\"><img loading=\"lazy\" decoding=\"async\" width=\"1024\" height=\"576\" data-id=\"3431\" src=\"https:\/\/visitefloripa.com.br\/wp-content\/uploads\/2023\/05\/MH-SOLDADOS-SEBOLD-1-1024x576.jpg\" alt=\"soldados seboldos\" class=\"wp-image-3431\" srcset=\"https:\/\/visitefloripa.com.br\/wp-content\/uploads\/2023\/05\/MH-SOLDADOS-SEBOLD-1-1024x576.jpg 1024w, https:\/\/visitefloripa.com.br\/wp-content\/uploads\/2023\/05\/MH-SOLDADOS-SEBOLD-1-300x169.jpg 300w, https:\/\/visitefloripa.com.br\/wp-content\/uploads\/2023\/05\/MH-SOLDADOS-SEBOLD-1-768x432.jpg 768w, https:\/\/visitefloripa.com.br\/wp-content\/uploads\/2023\/05\/MH-SOLDADOS-SEBOLD-1-1536x864.jpg 1536w, https:\/\/visitefloripa.com.br\/wp-content\/uploads\/2023\/05\/MH-SOLDADOS-SEBOLD-1-2048x1152.jpg 2048w, https:\/\/visitefloripa.com.br\/wp-content\/uploads\/2023\/05\/MH-SOLDADOS-SEBOLD-1-18x10.jpg 18w\" sizes=\"(max-width: 1024px) 100vw, 1024px\" \/><figcaption class=\"wp-element-caption\">Vista a\u00e9rea de los Soldados de Sebold (Ant\u00f4nio Carlos)<\/figcaption><\/figure>\n<\/figure>\n\n\n\n<div style=\"height:40px\" aria-hidden=\"true\" class=\"wp-block-spacer\"><\/div>\n\n\n\n<p class=\"wp-block-paragraph\">Es un paseo que combina bastante con el clima m\u00e1s fr\u00edo de septiembre, principalmente para quien gusta de la naturaleza, el senderismo y los paisajes de monta\u00f1a. El camino forma parte de la experiencia y termina en un escenario muy diferente del litoral, mostrando otro lado de la regi\u00f3n cercana a Florian\u00f3polis.\u00a0<\/p>\n\n\n\n<p class=\"wp-block-paragraph\">Solo dejar\u00eda este consejo para un\u00a0<strong>d\u00eda sin lluvia<\/strong>. El acceso tiene tramos accidentados, piedras que pueden volverse resbaladizas y \u00e1reas m\u00e1s aisladas. Recomiendo tambi\u00e9n hacer el sendero durante el d\u00eda, nunca solo y, para quien no tiene experiencia, con el acompa\u00f1amiento adecuado.\u00a0<\/p>\n\n\n\n<div style=\"height:40px\" aria-hidden=\"true\" class=\"wp-block-spacer\"><\/div>\n\n\n\n<h2 class=\"wp-block-heading\"><strong>Al fin y al cabo, \u00bfqu\u00e9 hacer en la Gran Floripa si llueve en el fin de semana largo?<\/strong>&nbsp;<\/h2>\n\n\n\n<p class=\"wp-block-paragraph\">Si el pron\u00f3stico del tiempo fuera malo, yo no cancelar\u00eda el viaje.&nbsp;<\/p>\n\n\n\n<p class=\"wp-block-paragraph\">Entre todas las opciones de esta lista, hay varias buenas elecciones para un d\u00eda lluvioso.&nbsp;<\/p>\n\n\n\n<p class=\"wp-block-paragraph\">\u00bfQuieres relajarte? Ve a los&nbsp;<strong>ba\u00f1os termales en Santo Amaro da Imperatriz<\/strong>.&nbsp;<\/p>\n\n\n\n<p class=\"wp-block-paragraph\">\u00bfQuieres una actividad diferente? Haz la&nbsp;<strong>visita guiada a la Cacha\u00e7a do Imperador<\/strong>.&nbsp;<\/p>\n\n\n\n<p class=\"wp-block-paragraph\">\u00bfQuieres adrenalina y no te importa mojarte?&nbsp;<strong>rafting en el r\u00edo Cubat\u00e3o<\/strong>&nbsp;se revela oficialmente como una actividad que puede mejorar a\u00fan m\u00e1s con lluvia.&nbsp;<\/p>\n\n\n\n<p class=\"wp-block-paragraph\">\u00bfQuieres comer y pasar unas horas con calma?&nbsp;<strong>Choco Rancho, K\u00e4ufer Caf\u00e9 com Morango y las experiencias rurales de Rancho Queimado<\/strong>&nbsp;entran f\u00e1cilmente en la lista.&nbsp;<\/p>\n\n\n\n<p class=\"wp-block-paragraph\">\u00bfQuieres cultura? A&nbsp;<strong>Casa de las Azores<\/strong>, en Bigua\u00e7u, es pr\u00e1cticamente la respuesta lista para ese s\u00e1bado o domingo gris.&nbsp;<\/p>\n\n\n\n<p class=\"wp-block-paragraph\">Y para quien busca fe, historia o contemplaci\u00f3n, existen opciones como el&nbsp;<strong>Santuario de Santa Paulina<\/strong>, El&nbsp;<strong>Iglesia Matriz de S\u00e3o Pedro de Alc\u00e2ntara<\/strong>&nbsp;y otros espacios hist\u00f3ricos de la regi\u00f3n.&nbsp;<\/p>\n\n\n\n<p class=\"wp-block-paragraph\">Es decir: la lluvia cambia el paseo, pero no tiene por qu\u00e9 arruinarlo.\u00a0<\/p>\n\n\n\n<div style=\"height:40px\" aria-hidden=\"true\" class=\"wp-block-spacer\"><\/div>\n\n\n\n<h2 class=\"wp-block-heading\"><strong>Aprovecha el fin de semana largo para mirar m\u00e1s all\u00e1 de la Isla<\/strong>&nbsp;<\/h2>\n\n\n\n<p class=\"wp-block-paragraph\">Una de las cosas que m\u00e1s me gusta de vivir en Florian\u00f3polis es precisamente esa sensaci\u00f3n de que siempre hay algo nuevo a una hora \u2014o poco m\u00e1s\u2014 de distancia.&nbsp;<\/p>\n\n\n\n<p class=\"wp-block-paragraph\">Puedes conocer Floripa durante a\u00f1os y aun as\u00ed descubrir una bodega en Rancho Queimado que nunca has visitado, una casa hist\u00f3rica en Bigua\u00e7u en la que nunca has entrado, un sendero en Alfredo Wagner del que nunca has o\u00eddo hablar o una experiencia con aguas termales que estuvo all\u00ed todo el tiempo.&nbsp;<\/p>\n\n\n\n<p class=\"wp-block-paragraph\">Por eso, si has llegado hasta aqu\u00ed buscando&nbsp;<strong>qu\u00e9 hacer en la Gran Floripa<\/strong>&nbsp;en el puente festivo del 7 de septiembre, tal vez el mejor consejo sea precisamente este: aproveche los tres d\u00edas para mirar m\u00e1s all\u00e1 de los lugares m\u00e1s obvios.&nbsp;<\/p>\n\n\n\n<p class=\"wp-block-paragraph\">Elige una experiencia que realmente tenga que ver contigo. La Gran Florian\u00f3polis tiene esa ventaja: en pocos kil\u00f3metros, el paisaje, la cultura y hasta el estilo del viaje cambian por completo.&nbsp;<\/p>\n\n\n\n<p class=\"wp-block-paragraph\">Y el puente de\u00a0<strong>5 al 7 de septiembre de 2026<\/strong>\u00a0Es una gran excusa para descubrir eso.\u00a0<\/p>\n\n\n\n<div style=\"height:40px\" aria-hidden=\"true\" class=\"wp-block-spacer\"><\/div>\n\n\n\n<h2 class=\"wp-block-heading\"><strong>Antes de salir de casa<\/strong>&nbsp;<\/h2>\n\n\n\n<p class=\"wp-block-paragraph\">Como los horarios, precios y condiciones de visita pueden sufrir cambios especiales durante los d\u00edas festivos, siempre vale la pena consultar los canales oficiales del atractivo poco antes del viaje, principalmente cuando haya necesidad de reserva o programaci\u00f3n.&nbsp;<\/p>\n\n\n\n<p class=\"wp-block-paragraph\">Y si a\u00fan tienes dudas sobre qu\u00e9 municipio conocer, explora la secci\u00f3n\u00a0<strong><a href=\"https:\/\/visitefloripa.com.br\/regiao\/\" target=\"_blank\" data-type=\"link\" data-id=\"https:\/\/visitefloripa.com.br\/regiao\/\" rel=\"noreferrer noopener\">Regi\u00f3n<\/a><\/strong>\u00a0Visite Floripa. Ella re\u00fane otras posibilidades cerca de Florian\u00f3polis y puede rendir muchas ideas para los pr\u00f3ximos fines de semana tambi\u00e9n.\u00a0<\/p>\n\n\n\n<p class=\"wp-block-paragraph\">Porque, por aqu\u00ed, la playa es solo una posibilidad \u2014 y tal vez este fin de semana largo sea la oportunidad perfecta para descubrir todo lo dem\u00e1s.&nbsp;<\/p>\n\n\n\n<figure class=\"wp-block-gallery has-nested-images columns-default is-cropped wp-block-gallery-13 is-layout-flex wp-block-gallery-is-layout-flex\">\n<figure class=\"wp-block-image size-large\"><img loading=\"lazy\" decoding=\"async\" width=\"1024\" height=\"576\" data-id=\"10182\" src=\"https:\/\/visitefloripa.com.br\/wp-content\/uploads\/2026\/08\/10-ideias-de-o-que-fazer-na-Grande-Floripa-no-feriadao-de-7-de-setembro--1024x576.png\" alt=\"10 ideas de qu\u00e9 hacer en el Gran Floripa en el feriado del 7 de septiembre\u00a0\" class=\"wp-image-10182\" srcset=\"https:\/\/visitefloripa.com.br\/wp-content\/uploads\/2026\/08\/10-ideias-de-o-que-fazer-na-Grande-Floripa-no-feriadao-de-7-de-setembro--1024x576.png 1024w, https:\/\/visitefloripa.com.br\/wp-content\/uploads\/2026\/08\/10-ideias-de-o-que-fazer-na-Grande-Floripa-no-feriadao-de-7-de-setembro--300x169.png 300w, https:\/\/visitefloripa.com.br\/wp-content\/uploads\/2026\/08\/10-ideias-de-o-que-fazer-na-Grande-Floripa-no-feriadao-de-7-de-setembro--768x432.png 768w, https:\/\/visitefloripa.com.br\/wp-content\/uploads\/2026\/08\/10-ideias-de-o-que-fazer-na-Grande-Floripa-no-feriadao-de-7-de-setembro--1536x864.png 1536w, https:\/\/visitefloripa.com.br\/wp-content\/uploads\/2026\/08\/10-ideias-de-o-que-fazer-na-Grande-Floripa-no-feriadao-de-7-de-setembro--2048x1152.png 2048w, https:\/\/visitefloripa.com.br\/wp-content\/uploads\/2026\/08\/10-ideias-de-o-que-fazer-na-Grande-Floripa-no-feriadao-de-7-de-setembro--18x10.png 18w\" sizes=\"(max-width: 1024px) 100vw, 1024px\" \/><figcaption class=\"wp-element-caption\">10 ideas de qu\u00e9 hacer en el Gran Floripa en el feriado del 7 de septiembre\u00a0<\/figcaption><\/figure>\n<\/figure>\n\n\n\n<p class=\"wp-block-paragraph\"><\/p>","protected":false},"excerpt":{"rendered":"<p>Qu\u00e9 hacer en el Gran Floripa en el fin de semana largo del 7 de septiembre es la propuesta de esta gu\u00eda de Visite Floripa para quien desea aprovechar la regi\u00f3n m\u00e1s all\u00e1 de las playas. El texto re\u00fane 10 ideas de paseos en municipios de la Gran Florian\u00f3polis y alrededores, con opciones para d\u00edas fr\u00edos, lluviosos o de buen tiempo, incluyendo aguas termales en Santo Amaro da Imperatriz, r\u00e1fting en el R\u00edo Cubat\u00e3o, experiencias con cacha\u00e7a artesanal, cosecha y paga de fresas en Rancho Queimado, enoturismo, Casa de los Azores en Bigua\u00e7u, Santuario Santa Paulina, historia en S\u00e3o Pedro de Alc\u00e2ntara y el sendero de los Soldados Sebold en Alfredo Wagner. La propuesta es ayudar al visitante a elegir experiencias seg\u00fan el clima, el estilo de viaje y el tiempo disponible en el fin de semana largo.  <\/p>","protected":false},"author":3,"featured_media":10182,"comment_status":"closed","ping_status":"closed","sticky":false,"template":"","format":"standard","meta":{"footnotes":""},"categories":[37,163],"tags":[1185,1155,169,1177,213,1172,1184,1188,1179,1193,1187,220,1181,1182,1192,1189,1178,1180,1191,1183,1162,147,144,1190,984,1186,982,1194,1035,915],"class_list":["post-10179","post","type-post","status-publish","format-standard","has-post-thumbnail","hentry","category-dicas","category-data-comemorativa","tag-7-de-setembro-em-florianopolis","tag-aguas-termais","tag-alfredo-wagner","tag-apuama-rafting","tag-biguacu","tag-cachaca-do-imperador","tag-casa-de-banhos","tag-casa-dos-acores","tag-choco-rancho","tag-feriadao-de-7-de-setembro","tag-goyah-vinhos-e-vinhedos","tag-grande-florianopolis","tag-grande-floripa","tag-hotel-caldas-da-imperatriz","tag-kaufer-cafe-com-morango","tag-nova-trento","tag-o-que-fazer-na-grande-floripa","tag-parque-aquatico-caldas-da-imperatriz","tag-passeios-com-chuva","tag-plaza-caldas-da-imperatriz","tag-rafting-no-rio-cubatao","tag-rancho-queimado","tag-santo-amaro-da-imperatriz","tag-santuario-santa-paulina","tag-sao-pedro-de-alcantara","tag-sitio-do-morango","tag-soldados-sebold","tag-turismo-de-inverno","tag-turismo-na-grande-florianopolis","tag-visite-floripa"],"_links":{"self":[{"href":"https:\/\/visitefloripa.com.br\/es\/wp-json\/wp\/v2\/posts\/10179","targetHints":{"allow":["GET"]}}],"collection":[{"href":"https:\/\/visitefloripa.com.br\/es\/wp-json\/wp\/v2\/posts"}],"about":[{"href":"https:\/\/visitefloripa.com.br\/es\/wp-json\/wp\/v2\/types\/post"}],"author":[{"embeddable":true,"href":"https:\/\/visitefloripa.com.br\/es\/wp-json\/wp\/v2\/users\/3"}],"replies":[{"embeddable":true,"href":"https:\/\/visitefloripa.com.br\/es\/wp-json\/wp\/v2\/comments?post=10179"}],"version-history":[{"count":2,"href":"https:\/\/visitefloripa.com.br\/es\/wp-json\/wp\/v2\/posts\/10179\/revisions"}],"predecessor-version":[{"id":10185,"href":"https:\/\/visitefloripa.com.br\/es\/wp-json\/wp\/v2\/posts\/10179\/revisions\/10185"}],"wp:featuredmedia":[{"embeddable":true,"href":"https:\/\/visitefloripa.com.br\/es\/wp-json\/wp\/v2\/media\/10182"}],"wp:attachment":[{"href":"https:\/\/visitefloripa.com.br\/es\/wp-json\/wp\/v2\/media?parent=10179"}],"wp:term":[{"taxonomy":"category","embeddable":true,"href":"https:\/\/visitefloripa.com.br\/es\/wp-json\/wp\/v2\/categories?post=10179"},{"taxonomy":"post_tag","embeddable":true,"href":"https:\/\/visitefloripa.com.br\/es\/wp-json\/wp\/v2\/tags?post=10179"}],"curies":[{"name":"gracias","href":"https:\/\/api.w.org\/{rel}","templated":true}]}}