{"id":3458,"date":"2023-11-23T10:49:05","date_gmt":"2023-11-23T13:49:05","guid":{"rendered":"https:\/\/visitefloripa.com.br\/?p=3458"},"modified":"2024-01-25T19:32:16","modified_gmt":"2024-01-25T22:32:16","slug":"as-5-principais-duvidas-de-quem-vem-a-florianopolis-sc","status":"publish","type":"post","link":"https:\/\/visitefloripa.com.br\/es\/as-5-principais-duvidas-de-quem-vem-a-florianopolis-sc\/","title":{"rendered":"\u00a1Las 5 principales preguntas de quienes vienen a Florian\u00f3polis\/SC!\u00a0"},"content":{"rendered":"<p><\/p>\n\n\n\n<h2 class=\"wp-block-heading\"><strong>Introducci\u00f3n<\/strong><\/h2>\n\n\n\n<div style=\"height:40px\" aria-hidden=\"true\" class=\"wp-block-spacer\"><\/div>\n\n\n\n<p>Si hay un destino en Brasil que combina belleza natural, cultura vibrante y playas deslumbrantes, ese lugar es Florian\u00f3polis, cari\u00f1osamente llamada \u201cFloripa\u201d. La capital de Santa Catarina es una perla en la costa sur del pa\u00eds, ofreciendo a sus visitantes una experiencia \u00fanica que mezcla modernidad y tradici\u00f3n, emoci\u00f3n urbana y tranquilidad junto al mar. En esta gu\u00eda desentra\u00f1aremos los misterios y encantos de esta isla, respondiendo las principales preguntas de quienes planean una visita a Florian\u00f3polis. Prep\u00e1rate para perderte en los fascinantes paisajes, probar la gastronom\u00eda local y enamorarte de la autenticidad de esta ciudad.&nbsp;<\/p>\n\n\n\n<div style=\"height:40px\" aria-hidden=\"true\" class=\"wp-block-spacer\"><\/div>\n\n\n\n<h2 class=\"wp-block-heading\"><strong>\u00bfCu\u00e1l es la diferencia entre Floripa y Florian\u00f3polis?&nbsp;<\/strong><\/h2>\n\n\n\n<div style=\"height:40px\" aria-hidden=\"true\" class=\"wp-block-spacer\"><\/div>\n\n\n\n<p>Antes de profundizar en las maravillas de esta ciudad, es importante aclarar una duda com\u00fan entre los visitantes: la diferencia entre Floripa y Florian\u00f3polis. De hecho, son s\u00f3lo dos nombres para un mismo lugar con encanto. \u201cFloripa\u201d es el apodo cari\u00f1oso que usan los lugare\u00f1os para referirse a su ciudad, una forma relajada y cari\u00f1osa de hablar del destino. Por eso, a la hora de planificar tu viaje, debes saber que tanto \u201cFlorian\u00f3polis\u201d como \u201cFloripa\u201d te llevan al mismo para\u00edso.&nbsp;<\/p>\n\n\n\n<div style=\"height:40px\" aria-hidden=\"true\" class=\"wp-block-spacer\"><\/div>\n\n\n\n<h2 class=\"wp-block-heading\"><strong>\u00bfCu\u00e1l es la mejor \u00e9poca del a\u00f1o para ir a Florian\u00f3polis?<\/strong>&nbsp;<\/h2>\n\n\n\n<div style=\"height:40px\" aria-hidden=\"true\" class=\"wp-block-spacer\"><\/div>\n\n\n\n<p>Magic Island brilla todo el a\u00f1o, pero cada estaci\u00f3n ofrece una experiencia \u00fanica. El verano, de diciembre a marzo, es la temporada alta, cuando las playas cobran vida con festivales, actividades acu\u00e1ticas y un clima c\u00e1lido y soleado. Si buscas precios m\u00e1s asequibles y menos bullicio, la primavera y el oto\u00f1o son excelentes opciones, con temperaturas suaves y paisajes impresionantes. El invierno, aunque m\u00e1s fr\u00edo, guarda encantadoras sorpresas, como el fen\u00f3meno de las ballenas francas que migran por la costa.&nbsp;<\/p>\n\n\n\n<div style=\"height:40px\" aria-hidden=\"true\" class=\"wp-block-spacer\"><\/div>\n\n\n\n<h2 class=\"wp-block-heading\"><strong>\u00bfC\u00f3mo llegar a Florian\u00f3polis?&nbsp;<\/strong><\/h2>\n\n\n\n<div style=\"height:40px\" aria-hidden=\"true\" class=\"wp-block-spacer\"><\/div>\n\n\n\n<p>Florian\u00f3polis es accesible por v\u00eda a\u00e9rea y terrestre. El Aeropuerto Internacional Herc\u00edlio Luz recibe vuelos nacionales e internacionales, conectando la isla con el mundo. Para aquellos que prefieren viajar en coche, se accede a la isla a trav\u00e9s de puentes y carreteras en buen estado, lo que proporciona un viaje pintoresco y agradable. Si vienes de otras regiones de Santa Catarina o Brasil, los autobuses interestatales tambi\u00e9n son una opci\u00f3n conveniente.&nbsp;<\/p>\n\n\n\n<div style=\"height:40px\" aria-hidden=\"true\" class=\"wp-block-spacer\"><\/div>\n\n\n\n<h2 class=\"wp-block-heading\"><strong>\u00bfQu\u00e9 no te puedes perder en Florian\u00f3polis?&nbsp;&nbsp;<\/strong><\/h2>\n\n\n\n<div style=\"height:40px\" aria-hidden=\"true\" class=\"wp-block-spacer\"><\/div>\n\n\n\n<p>Florian\u00f3polis es una mezcla cautivadora de playas paradis\u00edacas, cultura azoriana preservada y un ambiente animado. Si te preguntas cu\u00e1les son los lugares imperdibles de Isla M\u00e1gica, aqu\u00ed te dejamos algunas sugerencias que no pueden quedar fuera de tu itinerario:&nbsp;<\/p>\n\n\n\n<div style=\"height:40px\" aria-hidden=\"true\" class=\"wp-block-spacer\"><\/div>\n\n\n\n<p><strong>Centro:&nbsp;<\/strong>&nbsp;<\/p>\n\n\n\n<ul class=\"wp-block-list\">\n<li><a href=\"https:\/\/visitefloripa.com.br\/es\/o-que-ver\/catedral-de-nossa-senhora-do-desterro\/\" target=\"_blank\" data-type=\"link\" data-id=\"https:\/\/visitefloripa.com.br\/o-que-ver\/catedral-de-nossa-senhora-do-desterro\/\" rel=\"noreferrer noopener\">Catedral de Nuestra Se\u00f1ora del Exilio&nbsp;<\/a><\/li>\n\n\n\n<li><a href=\"https:\/\/visitefloripa.com.br\/es\/o-que-ver\/forte-de-santana\/\" target=\"_blank\" data-type=\"link\" data-id=\"https:\/\/visitefloripa.com.br\/o-que-ver\/forte-de-santana\/\" rel=\"noreferrer noopener\">fuerte de santana&nbsp;<\/a><\/li>\n\n\n\n<li><a href=\"https:\/\/visitefloripa.com.br\/es\/o-que-ver\/largo-da-alfandega\/\" target=\"_blank\" data-type=\"link\" data-id=\"https:\/\/visitefloripa.com.br\/o-que-ver\/largo-da-alfandega\/\" rel=\"noreferrer noopener\">Plaza de la Aduana&nbsp;<\/a><\/li>\n\n\n\n<li><a href=\"https:\/\/visitefloripa.com.br\/es\/o-que-ver\/mercado-publico\/\" target=\"_blank\" data-type=\"link\" data-id=\"https:\/\/visitefloripa.com.br\/o-que-ver\/mercado-publico\/\" rel=\"noreferrer noopener\">Mercado p\u00fablico&nbsp;<\/a><\/li>\n\n\n\n<li><a href=\"https:\/\/visitefloripa.com.br\/es\/o-que-ver\/museu-de-florianopolis\/\" target=\"_blank\" rel=\"noreferrer noopener\">Museo de Florian\u00f3polis<\/a>&nbsp;<\/li>\n\n\n\n<li><a href=\"https:\/\/visitefloripa.com.br\/es\/o-que-ver\/museu-historico-de-santa-catarina\/\" target=\"_blank\" data-type=\"link\" data-id=\"https:\/\/visitefloripa.com.br\/o-que-ver\/museu-historico-de-santa-catarina\/\" rel=\"noreferrer noopener\">Museo Hist\u00f3rico de Santa Catarina \u2013 Palacio Cruz e Sousa&nbsp;<\/a><\/li>\n\n\n\n<li><a href=\"https:\/\/visitefloripa.com.br\/es\/o-que-ver\/ponte-hercilio-luz\/\" target=\"_blank\" data-type=\"link\" data-id=\"https:\/\/visitefloripa.com.br\/o-que-ver\/ponte-hercilio-luz\/\" rel=\"noreferrer noopener\">Puente Herc\u00edlio Luz&nbsp;<\/a><\/li>\n<\/ul>\n\n\n\n<div style=\"height:40px\" aria-hidden=\"true\" class=\"wp-block-spacer\"><\/div>\n\n\n\n<figure class=\"wp-block-gallery has-nested-images columns-default is-cropped wp-block-gallery-1 is-layout-flex wp-block-gallery-is-layout-flex\">\n<figure class=\"wp-block-image size-large\"><img fetchpriority=\"high\" decoding=\"async\" width=\"1024\" height=\"487\" data-id=\"3459\" src=\"https:\/\/visitefloripa.com.br\/wp-content\/uploads\/2023\/11\/Captura-de-tela-2023-11-23-102800-1024x487.png\" alt=\"\" class=\"wp-image-3459\" srcset=\"https:\/\/visitefloripa.com.br\/wp-content\/uploads\/2023\/11\/Captura-de-tela-2023-11-23-102800-1024x487.png 1024w, https:\/\/visitefloripa.com.br\/wp-content\/uploads\/2023\/11\/Captura-de-tela-2023-11-23-102800-300x143.png 300w, https:\/\/visitefloripa.com.br\/wp-content\/uploads\/2023\/11\/Captura-de-tela-2023-11-23-102800-768x365.png 768w, https:\/\/visitefloripa.com.br\/wp-content\/uploads\/2023\/11\/Captura-de-tela-2023-11-23-102800-1536x731.png 1536w, https:\/\/visitefloripa.com.br\/wp-content\/uploads\/2023\/11\/Captura-de-tela-2023-11-23-102800-18x9.png 18w, https:\/\/visitefloripa.com.br\/wp-content\/uploads\/2023\/11\/Captura-de-tela-2023-11-23-102800.png 1917w\" sizes=\"(max-width: 1024px) 100vw, 1024px\" \/><\/figure>\n<\/figure>\n\n\n\n<div style=\"height:40px\" aria-hidden=\"true\" class=\"wp-block-spacer\"><\/div>\n\n\n\n<p><strong>Este:&nbsp;<\/strong>&nbsp;<\/p>\n\n\n\n<ul class=\"wp-block-list\">\n<li><a href=\"https:\/\/visitefloripa.com.br\/es\/o-que-ver\/trilha-da-costa-da-lagoa\/\" target=\"_blank\" data-type=\"link\" data-id=\"https:\/\/visitefloripa.com.br\/o-que-ver\/trilha-da-costa-da-lagoa\/\" rel=\"noreferrer noopener\">Costa de la laguna<\/a>&nbsp;<\/li>\n\n\n\n<li><a href=\"https:\/\/visitefloripa.com.br\/es\/o-que-ver\/dunas-da-joaquina\/\" target=\"_blank\" data-type=\"link\" data-id=\"https:\/\/visitefloripa.com.br\/o-que-ver\/dunas-da-joaquina\/\" rel=\"noreferrer noopener\">Dunas de Joaquina<\/a>&nbsp;<\/li>\n\n\n\n<li><a href=\"https:\/\/visitefloripa.com.br\/es\/o-que-ver\/igreja-de-nossa-senhora-da-conceicao\/\" target=\"_blank\" data-type=\"link\" data-id=\"https:\/\/visitefloripa.com.br\/o-que-ver\/igreja-de-nossa-senhora-da-conceicao\/\" rel=\"noreferrer noopener\">Iglesia Nuestra Se\u00f1ora de la Concepci\u00f3n<\/a>&nbsp;<\/li>\n\n\n\n<li><a href=\"https:\/\/visitefloripa.com.br\/es\/o-que-ver\/ilha-do-campeche\/\" target=\"_blank\" data-type=\"link\" data-id=\"https:\/\/visitefloripa.com.br\/o-que-ver\/ilha-do-campeche\/\" rel=\"noreferrer noopener\">Isla de Campeche&nbsp;<\/a><\/li>\n\n\n\n<li><a href=\"https:\/\/visitefloripa.com.br\/es\/o-que-ver\/lagoa-da-conceicao\/\" target=\"_blank\" data-type=\"link\" data-id=\"https:\/\/visitefloripa.com.br\/o-que-ver\/lagoa-da-conceicao\/\" rel=\"noreferrer noopener\">Laguna de la Concepci\u00f3n&nbsp;<\/a><\/li>\n\n\n\n<li><a href=\"https:\/\/visitefloripa.com.br\/es\/o-que-ver\/praia-da-barra-da-lagoa\/\" target=\"_blank\" data-type=\"link\" data-id=\"https:\/\/visitefloripa.com.br\/o-que-ver\/praia-da-barra-da-lagoa\/\" rel=\"noreferrer noopener\">Piscinas naturales de Barra da Lagoa&nbsp;<\/a><\/li>\n\n\n\n<li><a href=\"https:\/\/visitefloripa.com.br\/es\/o-que-ver\/praia-da-joaquina\/\" target=\"_blank\" data-type=\"link\" data-id=\"https:\/\/visitefloripa.com.br\/o-que-ver\/praia-da-joaquina\/\" rel=\"noreferrer noopener\">playa joaquina&nbsp;<\/a><\/li>\n\n\n\n<li><a href=\"https:\/\/visitefloripa.com.br\/es\/o-que-ver\/praia-mole\/\" target=\"_blank\" data-type=\"link\" data-id=\"https:\/\/visitefloripa.com.br\/o-que-ver\/praia-mole\/\" rel=\"noreferrer noopener\">Playa Mole&nbsp;<\/a><\/li>\n<\/ul>\n\n\n\n<div style=\"height:40px\" aria-hidden=\"true\" class=\"wp-block-spacer\"><\/div>\n\n\n\n<figure class=\"wp-block-gallery has-nested-images columns-default is-cropped wp-block-gallery-2 is-layout-flex wp-block-gallery-is-layout-flex\">\n<figure class=\"wp-block-image size-large\"><img decoding=\"async\" width=\"1024\" height=\"461\" data-id=\"2938\" src=\"https:\/\/visitefloripa.com.br\/wp-content\/uploads\/2023\/10\/Dunas-da-Joaquina-15-1024x461.jpg\" alt=\"\" class=\"wp-image-2938\" srcset=\"https:\/\/visitefloripa.com.br\/wp-content\/uploads\/2023\/10\/Dunas-da-Joaquina-15-1024x461.jpg 1024w, https:\/\/visitefloripa.com.br\/wp-content\/uploads\/2023\/10\/Dunas-da-Joaquina-15-300x135.jpg 300w, https:\/\/visitefloripa.com.br\/wp-content\/uploads\/2023\/10\/Dunas-da-Joaquina-15-768x346.jpg 768w, https:\/\/visitefloripa.com.br\/wp-content\/uploads\/2023\/10\/Dunas-da-Joaquina-15-1536x691.jpg 1536w, https:\/\/visitefloripa.com.br\/wp-content\/uploads\/2023\/10\/Dunas-da-Joaquina-15-2048x922.jpg 2048w, https:\/\/visitefloripa.com.br\/wp-content\/uploads\/2023\/10\/Dunas-da-Joaquina-15-18x8.jpg 18w\" sizes=\"(max-width: 1024px) 100vw, 1024px\" \/><figcaption class=\"wp-element-caption\">Dunas de Joaquina<\/figcaption><\/figure>\n<\/figure>\n\n\n\n<div style=\"height:40px\" aria-hidden=\"true\" class=\"wp-block-spacer\"><\/div>\n\n\n\n<p><strong>Norte:&nbsp;<\/strong>&nbsp;<\/p>\n\n\n\n<ul class=\"wp-block-list\">\n<li><a href=\"https:\/\/visitefloripa.com.br\/es\/o-que-ver\/fortaleza-de-sao-jose-da-ponta-grossa\/\" target=\"_blank\" data-type=\"link\" data-id=\"https:\/\/visitefloripa.com.br\/o-que-ver\/fortaleza-de-sao-jose-da-ponta-grossa\/\" rel=\"noreferrer noopener\">Fortaleza de Sao Jos\u00e9 da Ponta Grossa&nbsp;<\/a><\/li>\n\n\n\n<li><a href=\"https:\/\/visitefloripa.com.br\/es\/o-que-ver\/praia-dos-ingleses\/\" target=\"_blank\" data-type=\"link\" data-id=\"https:\/\/visitefloripa.com.br\/o-que-ver\/praia-dos-ingleses\/\" rel=\"noreferrer noopener\">Museo de Talleres L\u00edticos \u2013 Ingl\u00e9s<\/a>&nbsp;<\/li>\n\n\n\n<li><a href=\"https:\/\/visitefloripa.com.br\/es\/o-que-ver\/praia-brava\/\" target=\"_blank\" data-type=\"link\" data-id=\"https:\/\/visitefloripa.com.br\/o-que-ver\/praia-brava\/\" rel=\"noreferrer noopener\">Playa Brava&nbsp;<\/a><\/li>\n\n\n\n<li><a href=\"https:\/\/visitefloripa.com.br\/es\/o-que-ver\/praia-de-jurere\/\" target=\"_blank\" data-type=\"link\" data-id=\"https:\/\/visitefloripa.com.br\/o-que-ver\/praia-de-jurere\/\" rel=\"noreferrer noopener\">playa de Jurere&nbsp;<\/a><\/li>\n\n\n\n<li><a href=\"https:\/\/visitefloripa.com.br\/es\/o-que-ver\/praia-do-santinho\/\" target=\"_blank\" data-type=\"link\" data-id=\"https:\/\/visitefloripa.com.br\/o-que-ver\/praia-do-santinho\/\" rel=\"noreferrer noopener\">Playa de Santinho e inscripciones rupestres.&nbsp;<\/a><\/li>\n\n\n\n<li><a href=\"https:\/\/visitefloripa.com.br\/es\/o-que-ver\/praia-dos-ingleses\/\" target=\"_blank\" data-type=\"link\" data-id=\"https:\/\/visitefloripa.com.br\/o-que-ver\/praia-dos-ingleses\/\" rel=\"noreferrer noopener\">Playa de los Ingleses&nbsp;<\/a><\/li>\n<\/ul>\n\n\n\n<div style=\"height:40px\" aria-hidden=\"true\" class=\"wp-block-spacer\"><\/div>\n\n\n\n<figure class=\"wp-block-gallery has-nested-images columns-default is-cropped wp-block-gallery-3 is-layout-flex wp-block-gallery-is-layout-flex\">\n<figure class=\"wp-block-image size-large\"><img decoding=\"async\" width=\"1024\" height=\"576\" data-id=\"837\" src=\"https:\/\/visitefloripa.com.br\/wp-content\/uploads\/2023\/05\/Forte-Sao-Jose-da-Ponta-Grossa-8_SITE-1024x576.jpg\" alt=\"\" class=\"wp-image-837\" srcset=\"https:\/\/visitefloripa.com.br\/wp-content\/uploads\/2023\/05\/Forte-Sao-Jose-da-Ponta-Grossa-8_SITE-1024x576.jpg 1024w, https:\/\/visitefloripa.com.br\/wp-content\/uploads\/2023\/05\/Forte-Sao-Jose-da-Ponta-Grossa-8_SITE-300x169.jpg 300w, https:\/\/visitefloripa.com.br\/wp-content\/uploads\/2023\/05\/Forte-Sao-Jose-da-Ponta-Grossa-8_SITE-768x432.jpg 768w, https:\/\/visitefloripa.com.br\/wp-content\/uploads\/2023\/05\/Forte-Sao-Jose-da-Ponta-Grossa-8_SITE-1536x864.jpg 1536w, https:\/\/visitefloripa.com.br\/wp-content\/uploads\/2023\/05\/Forte-Sao-Jose-da-Ponta-Grossa-8_SITE-2048x1152.jpg 2048w\" sizes=\"(max-width: 1024px) 100vw, 1024px\" \/><figcaption class=\"wp-element-caption\">Fortaleza de Sao Jos\u00e9 da Ponta Grossa<\/figcaption><\/figure>\n<\/figure>\n\n\n\n<div style=\"height:40px\" aria-hidden=\"true\" class=\"wp-block-spacer\"><\/div>\n\n\n\n<p><strong>Sur:<\/strong>&nbsp;<\/p>\n\n\n\n<ul class=\"wp-block-list\">\n<li><a href=\"https:\/\/visitefloripa.com.br\/es\/o-que-ver\/igreja-de-nossa-senhora-da-lapa\/\" target=\"_blank\" data-type=\"link\" data-id=\"https:\/\/visitefloripa.com.br\/o-que-ver\/igreja-de-nossa-senhora-da-lapa\/\" rel=\"noreferrer noopener\">Iglesia Nuestra Se\u00f1ora de Lapa&nbsp;<\/a><\/li>\n\n\n\n<li><a href=\"https:\/\/visitefloripa.com.br\/es\/o-que-ver\/parque-municipal-da-lagoa-do-peri\/\" target=\"_blank\" data-type=\"link\" data-id=\"https:\/\/visitefloripa.com.br\/o-que-ver\/parque-municipal-da-lagoa-do-peri\/\" rel=\"noreferrer noopener\">Parque Municipal Lagoa do Peri&nbsp;<\/a><\/li>\n\n\n\n<li><a href=\"https:\/\/visitefloripa.com.br\/es\/o-que-ver\/praia-da-lagoinha-do-leste\/\" target=\"_blank\" data-type=\"link\" data-id=\"https:\/\/visitefloripa.com.br\/o-que-ver\/praia-da-lagoinha-do-leste\/\" rel=\"noreferrer noopener\">Playa de la laguna del Este<\/a>&nbsp;<\/li>\n\n\n\n<li><a href=\"https:\/\/visitefloripa.com.br\/es\/o-que-ver\/praia-do-matadeiro\/\" target=\"_blank\" data-type=\"link\" data-id=\"https:\/\/visitefloripa.com.br\/o-que-ver\/praia-do-matadeiro\/\" rel=\"noreferrer noopener\">Playa de Matadeiro&nbsp;<\/a><\/li>\n\n\n\n<li><a href=\"https:\/\/visitefloripa.com.br\/es\/o-que-ver\/praia-do-ribeirao-da-ilha\/\" target=\"_blank\" data-type=\"link\" data-id=\"https:\/\/visitefloripa.com.br\/o-que-ver\/praia-do-ribeirao-da-ilha\/\" rel=\"noreferrer noopener\">Playa Ribeirao da Ilha<\/a>&nbsp;&nbsp;<\/li>\n<\/ul>\n\n\n\n<div style=\"height:40px\" aria-hidden=\"true\" class=\"wp-block-spacer\"><\/div>\n\n\n\n<figure class=\"wp-block-gallery has-nested-images columns-default is-cropped wp-block-gallery-4 is-layout-flex wp-block-gallery-is-layout-flex\">\n<figure class=\"wp-block-image size-large\"><img loading=\"lazy\" decoding=\"async\" width=\"1024\" height=\"575\" data-id=\"1261\" src=\"https:\/\/visitefloripa.com.br\/wp-content\/uploads\/2023\/05\/Igreja-de-Nossa-Senhora-da-Lapa-2_SITE-1024x575.jpg\" alt=\"\" class=\"wp-image-1261\" srcset=\"https:\/\/visitefloripa.com.br\/wp-content\/uploads\/2023\/05\/Igreja-de-Nossa-Senhora-da-Lapa-2_SITE-1024x575.jpg 1024w, https:\/\/visitefloripa.com.br\/wp-content\/uploads\/2023\/05\/Igreja-de-Nossa-Senhora-da-Lapa-2_SITE-300x169.jpg 300w, https:\/\/visitefloripa.com.br\/wp-content\/uploads\/2023\/05\/Igreja-de-Nossa-Senhora-da-Lapa-2_SITE-768x431.jpg 768w, https:\/\/visitefloripa.com.br\/wp-content\/uploads\/2023\/05\/Igreja-de-Nossa-Senhora-da-Lapa-2_SITE-1536x863.jpg 1536w, https:\/\/visitefloripa.com.br\/wp-content\/uploads\/2023\/05\/Igreja-de-Nossa-Senhora-da-Lapa-2_SITE-2048x1150.jpg 2048w\" sizes=\"(max-width: 1024px) 100vw, 1024px\" \/><figcaption class=\"wp-element-caption\">Iglesia Nuestra Se\u00f1ora de Lapa&nbsp;<\/figcaption><\/figure>\n<\/figure>\n\n\n\n<div style=\"height:40px\" aria-hidden=\"true\" class=\"wp-block-spacer\"><\/div>\n\n\n\n<p><strong>Oeste:<\/strong>&nbsp;<\/p>\n\n\n\n<ul class=\"wp-block-list\">\n<li><a href=\"https:\/\/visitefloripa.com.br\/es\/o-que-ver\/fortaleza-de-santo-antonio-de-ratones\/\" target=\"_blank\" data-type=\"link\" data-id=\"https:\/\/visitefloripa.com.br\/o-que-ver\/fortaleza-de-santo-antonio-de-ratones\/\" rel=\"noreferrer noopener\">Fortaleza de Santo Antonio de Ratones&nbsp;<\/a><\/li>\n\n\n\n<li><a href=\"https:\/\/visitefloripa.com.br\/es\/o-que-ver\/igreja-de-nossa-senhora-das-necessidades\/\" target=\"_blank\" data-type=\"link\" data-id=\"https:\/\/visitefloripa.com.br\/o-que-ver\/igreja-de-nossa-senhora-das-necessidades\/\" rel=\"noreferrer noopener\">Iglesia de Nuestra Se\u00f1ora de las Necesidades&nbsp;<\/a><\/li>\n\n\n\n<li><a href=\"https:\/\/visitefloripa.com.br\/es\/o-que-ver\/ponta-do-sambaqui\/\" target=\"_blank\" data-type=\"link\" data-id=\"https:\/\/visitefloripa.com.br\/o-que-ver\/ponta-do-sambaqui\/\" rel=\"noreferrer noopener\">Ponta do Sambaqui<\/a>&nbsp;<\/li>\n\n\n\n<li><a href=\"https:\/\/visitefloripa.com.br\/es\/o-que-ver\/praia-de-santo-antonio-de-lisboa\/\" target=\"_blank\" data-type=\"link\" data-id=\"https:\/\/visitefloripa.com.br\/o-que-ver\/praia-de-santo-antonio-de-lisboa\/\" rel=\"noreferrer noopener\">Playa de Santo Antonio en Lisboa&nbsp;<\/a><\/li>\n<\/ul>\n\n\n\n<div style=\"height:40px\" aria-hidden=\"true\" class=\"wp-block-spacer\"><\/div>\n\n\n\n<figure class=\"wp-block-gallery has-nested-images columns-default is-cropped wp-block-gallery-5 is-layout-flex wp-block-gallery-is-layout-flex\">\n<figure class=\"wp-block-image size-large\"><img loading=\"lazy\" decoding=\"async\" width=\"1024\" height=\"491\" data-id=\"3460\" src=\"https:\/\/visitefloripa.com.br\/wp-content\/uploads\/2023\/11\/Captura-de-tela-2023-11-23-102944-1024x491.png\" alt=\"\" class=\"wp-image-3460\" srcset=\"https:\/\/visitefloripa.com.br\/wp-content\/uploads\/2023\/11\/Captura-de-tela-2023-11-23-102944-1024x491.png 1024w, https:\/\/visitefloripa.com.br\/wp-content\/uploads\/2023\/11\/Captura-de-tela-2023-11-23-102944-300x144.png 300w, https:\/\/visitefloripa.com.br\/wp-content\/uploads\/2023\/11\/Captura-de-tela-2023-11-23-102944-768x368.png 768w, https:\/\/visitefloripa.com.br\/wp-content\/uploads\/2023\/11\/Captura-de-tela-2023-11-23-102944-1536x736.png 1536w, https:\/\/visitefloripa.com.br\/wp-content\/uploads\/2023\/11\/Captura-de-tela-2023-11-23-102944-18x9.png 18w, https:\/\/visitefloripa.com.br\/wp-content\/uploads\/2023\/11\/Captura-de-tela-2023-11-23-102944.png 1918w\" sizes=\"(max-width: 1024px) 100vw, 1024px\" \/><\/figure>\n<\/figure>\n\n\n\n<div style=\"height:40px\" aria-hidden=\"true\" class=\"wp-block-spacer\"><\/div>\n\n\n\n<p>\u00a1Uf, es una opci\u00f3n interminable y la lista anterior representa solo una fracci\u00f3n del tesoro escondido aqu\u00ed!&nbsp;&nbsp;<\/p>\n\n\n\n<p>Si quieres saber m\u00e1s sobre cada atracci\u00f3n, simplemente haz clic en ellas y ser\u00e1s redirigido a una p\u00e1gina con informaci\u00f3n exclusiva. En nuestro sitio web bajo el \u201c<strong><a href=\"https:\/\/visitefloripa.com.br\/es\/o-que-ver\/\" target=\"_blank\" data-type=\"link\" data-id=\"https:\/\/visitefloripa.com.br\/o-que-ver\/\" rel=\"noreferrer noopener\">Qu\u00e9 hacer<\/a><\/strong>r\u201d encontrar\u00e1 una amplia gama de opciones tanto en Florian\u00f3polis como en la regi\u00f3n del Gran Florian\u00f3polis. Ampliando su horizonte, esta \u00e1rea abarca municipios igualmente fascinantes, como \u00c1guas Mornas, Alfredo Wagner, Garopaba, Governador Celso Ramos, Santo Amaro da Imperatriz, Rancho Queimado, entre muchos otros.&nbsp;<\/p>\n\n\n\n<div style=\"height:40px\" aria-hidden=\"true\" class=\"wp-block-spacer\"><\/div>\n\n\n\n<h4 class=\"wp-block-heading\"><strong>\u00bfFlorian\u00f3polis es una isla?<\/strong>&nbsp;<\/h4>\n\n\n\n<div style=\"height:40px\" aria-hidden=\"true\" class=\"wp-block-spacer\"><\/div>\n\n\n\n<p>No. Florian\u00f3polis es un municipio que tiene parte de su territorio en tierra firme, aproximadamente 10%; y la otra parte del territorio, aproximadamente 90%, ubicada en la Isla Santa Catarina.&nbsp;&nbsp;<\/p>\n\n\n\n<div style=\"height:40px\" aria-hidden=\"true\" class=\"wp-block-spacer\"><\/div>\n\n\n\n<h2 class=\"wp-block-heading\"><strong>Conclusi\u00f3n&nbsp;<\/strong><\/h2>\n\n\n\n<div style=\"height:40px\" aria-hidden=\"true\" class=\"wp-block-spacer\"><\/div>\n\n\n\n<p>Con tantas opciones incre\u00edbles, es f\u00e1cil sentirse un poco perdido, \u00bfverdad? Y sabemos que, muchas veces, pasar por Isla M\u00e1gica es como un abrir y cerrar de ojos, por lo que perderse algo no est\u00e1 en tus planes, \u00bfverdad? Para que cada momento en Florian\u00f3polis est\u00e9 lleno de risas y recuerdos incre\u00edbles, \u00a1nuestro pr\u00f3ximo texto ser\u00e1 como un mapa del tesoro de opciones imperdibles! Spoiler: Sugerencias de alojamiento, consejos de restaurantes y secretos que s\u00f3lo un peque\u00f1o de la Isla puede revelarte.&nbsp;<\/p>\n\n\n\n<p>\u00bfTiene usted alguna pregunta? Cont\u00e1ctenos v\u00eda correo electr\u00f3nico: <a href=\"mailto:contato@visitefloripa.com.br\" target=\"_blank\" rel=\"noreferrer noopener\">contacto@visitefloripa.com.br<\/a>, o el bot\u00f3n \u201c<a href=\"https:\/\/visitefloripa.com.br\/es\/fale-conosco\/\" data-type=\"link\" data-id=\"https:\/\/visitefloripa.com.br\/fale-conosco\/\">Enviar un mensaje<\/a>\u201d. \u00a1Estamos aqu\u00ed para desentra\u00f1ar todos los misterios y hacer que tu visita a Magic Island sea a\u00fan m\u00e1s m\u00e1gica!&nbsp;<\/p>","protected":false},"excerpt":{"rendered":"<p>Introducci\u00f3n Si hay un destino en Brasil que combina belleza natural, cultura vibrante y playas deslumbrantes, ese lugar es Florian\u00f3polis, cari\u00f1osamente llamada \u201cFloripa\u201d. La capital de Santa Catarina es una perla en la costa sur del pa\u00eds, ofreciendo a sus visitantes una experiencia \u00fanica que mezcla modernidad y tradici\u00f3n, emoci\u00f3n urbana y tranquilidad junto al mar. En esto [\u2026]<\/p>","protected":false},"author":3,"featured_media":3461,"comment_status":"open","ping_status":"open","sticky":false,"template":"","format":"standard","meta":{"footnotes":""},"categories":[37],"tags":[210,154,206,207,179,137,141,212,211,136,208,209],"class_list":["post-3458","post","type-post","status-publish","format-standard","has-post-thumbnail","hentry","category-dicas","tag-como-chegar-a-florianopolis","tag-costa-da-lagoa","tag-duvidas-sobre-florianopolis","tag-florianopois-e-uma-ilha","tag-florianopolis","tag-ilha-do-campeche","tag-lagoa-da-conceicao","tag-o-que-fazer-em-floripa","tag-o-que-nao-pode-deixar-de-conhecer-em-florianopolis","tag-paisagens","tag-qual-a-diferenca-entre-floripa-e-florianopolis","tag-qual-a-melhor-epoca-do-ano-para-ir-a-florianopolis"],"_links":{"self":[{"href":"https:\/\/visitefloripa.com.br\/es\/wp-json\/wp\/v2\/posts\/3458","targetHints":{"allow":["GET"]}}],"collection":[{"href":"https:\/\/visitefloripa.com.br\/es\/wp-json\/wp\/v2\/posts"}],"about":[{"href":"https:\/\/visitefloripa.com.br\/es\/wp-json\/wp\/v2\/types\/post"}],"author":[{"embeddable":true,"href":"https:\/\/visitefloripa.com.br\/es\/wp-json\/wp\/v2\/users\/3"}],"replies":[{"embeddable":true,"href":"https:\/\/visitefloripa.com.br\/es\/wp-json\/wp\/v2\/comments?post=3458"}],"version-history":[{"count":0,"href":"https:\/\/visitefloripa.com.br\/es\/wp-json\/wp\/v2\/posts\/3458\/revisions"}],"wp:featuredmedia":[{"embeddable":true,"href":"https:\/\/visitefloripa.com.br\/es\/wp-json\/wp\/v2\/media\/3461"}],"wp:attachment":[{"href":"https:\/\/visitefloripa.com.br\/es\/wp-json\/wp\/v2\/media?parent=3458"}],"wp:term":[{"taxonomy":"category","embeddable":true,"href":"https:\/\/visitefloripa.com.br\/es\/wp-json\/wp\/v2\/categories?post=3458"},{"taxonomy":"post_tag","embeddable":true,"href":"https:\/\/visitefloripa.com.br\/es\/wp-json\/wp\/v2\/tags?post=3458"}],"curies":[{"name":"gracias","href":"https:\/\/api.w.org\/{rel}","templated":true}]}}