{"id":7992,"date":"2025-09-23T14:45:35","date_gmt":"2025-09-23T17:45:35","guid":{"rendered":"https:\/\/visitefloripa.com.br\/?p=7992"},"modified":"2025-09-23T14:45:35","modified_gmt":"2025-09-23T17:45:35","slug":"primavera-em-florianopolis-tudo-que-voce-precisa-saber-para-aproveitar-a-estacao-mais-charmosa-da-ilha","status":"publish","type":"post","link":"https:\/\/visitefloripa.com.br\/es\/primavera-em-florianopolis-tudo-que-voce-precisa-saber-para-aproveitar-a-estacao-mais-charmosa-da-ilha\/","title":{"rendered":"Primavera en Florian\u00f3polis: todo lo que necesitas saber para disfrutar de la estaci\u00f3n m\u00e1s encantadora de la isla\u00a0"},"content":{"rendered":"<h2 class=\"wp-block-heading\"><strong>Introducci\u00f3n<\/strong>&nbsp;<\/h2>\n\n\n\n<p>La primavera siempre es una \u00e9poca especial. Las ciudades se vuelven m\u00e1s coloridas, el clima es m\u00e1s agradable y todo parece adquirir un aire renovado. Ahora, cuando hablamos de... <strong>Florian\u00f3polis<\/strong>La temporada de flores se vuelve a\u00fan m\u00e1s especial. La Isla M\u00e1gica, ya de por s\u00ed encantadora en cualquier \u00e9poca del a\u00f1o, adquiere colores vibrantes, una brisa fresca y una energ\u00eda contagiosa.&nbsp;<\/p>\n\n\n\n<p>Si planeas viajar a Floripa entre septiembre y diciembre, prep\u00e1rate: la primavera es una de las mejores \u00e9pocas para disfrutar de la ciudad. En esta gu\u00eda completa, te contar\u00e9 c\u00f3mo est\u00e1 el clima, qu\u00e9 esperar del pron\u00f3stico, qu\u00e9 lugares visitar y c\u00f3mo aprovechar al m\u00e1ximo esta temporada en la capital de Santa Catarina.&nbsp;<\/p>\n\n\n\n<div style=\"height:40px\" aria-hidden=\"true\" class=\"wp-block-spacer\"><\/div>\n\n\n\n<h2 class=\"wp-block-heading\"><strong>\u00bfC\u00f3mo es el clima en Florian\u00f3polis en primavera?<\/strong>&nbsp;<\/h2>\n\n\n\n<p>Antes de armar el gui\u00f3n, la primera pregunta que siempre surge es: <strong>\u00bfque tiempo hace?<\/strong>&nbsp;<\/p>\n\n\n\n<p>En primavera, Floripa deja atr\u00e1s el fr\u00edo invernal y comienza a sentir las primeras brisas del verano. Las temperaturas medias oscilan entre <strong>18 \u00b0C y 26 \u00b0C<\/strong>Pero en algunos d\u00edas soleados puede alcanzar f\u00e1cilmente los 30 \u00b0C. Es ese clima perfecto: ni tan fr\u00edo como en invierno, ni tan caluroso como en pleno verano.&nbsp;<\/p>\n\n\n\n<p>Adem\u00e1s, los d\u00edas se hacen m\u00e1s largos y soleados, pero es importante saberlo: septiembre y octubre siguen siendo meses con <strong>un poco m\u00e1s de lluvia<\/strong>Debido a la transici\u00f3n estacional, la buena noticia es que suelen ser lluvias breves que pronto dan paso al sol.&nbsp;<\/p>\n\n\n\n<p>Consejo: Lleva siempre ropa ligera, protector solar y gafas de sol, pero no olvides una chaqueta ligera para la tarde o un impermeable para emergencias.\u00a0<\/p>\n\n\n\n<div style=\"height:40px\" aria-hidden=\"true\" class=\"wp-block-spacer\"><\/div>\n\n\n\n<h2 class=\"wp-block-heading\"><strong>\u00bfQu\u00e9 hacer en Florian\u00f3polis en primavera?<\/strong>&nbsp;<\/h2>\n\n\n\n<p>Ahora vamos a lo bueno: qu\u00e9 incluir en tu itinerario. He dividido las experiencias en categor\u00edas para que sea m\u00e1s f\u00e1cil.&nbsp;<\/p>\n\n\n\n<h2 class=\"wp-block-heading\"><strong>1. Playas impresionantes&nbsp;<\/strong>&nbsp;<\/h2>\n\n\n\n<p>La primavera es una \u00e9poca ideal para disfrutar de las playas sin el bullicio de la temporada alta. El agua a\u00fan est\u00e1 fresca, pero ya se puede nadar en los d\u00edas c\u00e1lidos.\u00a0<\/p>\n\n\n\n<div style=\"height:40px\" aria-hidden=\"true\" class=\"wp-block-spacer\"><\/div>\n\n\n\n<p><strong>Playa Mole&nbsp;<\/strong>&nbsp;<\/p>\n\n\n\n<p>Con arena suave que se hunde a cada paso, y de ah\u00ed viene el nombre, la <strong><a href=\"https:\/\/visitefloripa.com.br\/es\/o-que-ver\/praia-mole\/\" target=\"_blank\" data-type=\"link\" data-id=\"https:\/\/visitefloripa.com.br\/o-que-ver\/praia-mole\/\" rel=\"noreferrer noopener\">Playa Mole<\/a><\/strong> Es una de las playas m\u00e1s queridas de la isla. Su mar embravecido la convierte en un para\u00edso para los surfistas, pero incluso quienes no lo practican la encuentran el lugar perfecto para relajarse, pasear y sentir la energ\u00eda juvenil que impregna la zona. Rodeada de verdes colinas y dunas, la playa a\u00fan ofrece vistas incre\u00edbles al atardecer, cuando el sol se pone y la luz dorada ti\u00f1e el horizonte.\u00a0<\/p>\n\n\n\n<div style=\"height:40px\" aria-hidden=\"true\" class=\"wp-block-spacer\"><\/div>\n\n\n\n<figure class=\"wp-block-gallery has-nested-images columns-default is-cropped wp-block-gallery-1 is-layout-flex wp-block-gallery-is-layout-flex\">\n<figure class=\"wp-block-image size-large\"><img fetchpriority=\"high\" decoding=\"async\" width=\"1024\" height=\"576\" data-id=\"870\" src=\"https:\/\/visitefloripa.com.br\/wp-content\/uploads\/2023\/05\/Praia-Mole-5_SITE-1024x576.jpg\" alt=\"\" class=\"wp-image-870\" srcset=\"https:\/\/visitefloripa.com.br\/wp-content\/uploads\/2023\/05\/Praia-Mole-5_SITE-1024x576.jpg 1024w, https:\/\/visitefloripa.com.br\/wp-content\/uploads\/2023\/05\/Praia-Mole-5_SITE-300x169.jpg 300w, https:\/\/visitefloripa.com.br\/wp-content\/uploads\/2023\/05\/Praia-Mole-5_SITE-768x432.jpg 768w, https:\/\/visitefloripa.com.br\/wp-content\/uploads\/2023\/05\/Praia-Mole-5_SITE-1536x864.jpg 1536w, https:\/\/visitefloripa.com.br\/wp-content\/uploads\/2023\/05\/Praia-Mole-5_SITE-2048x1152.jpg 2048w\" sizes=\"(max-width: 1024px) 100vw, 1024px\" \/><figcaption class=\"wp-element-caption\">Playa Mole<\/figcaption><\/figure>\n<\/figure>\n\n\n\n<div style=\"height:40px\" aria-hidden=\"true\" class=\"wp-block-spacer\"><\/div>\n\n\n\n<p><strong>joaquina&nbsp;<\/strong>&nbsp;<\/p>\n\n\n\n<p>A <strong><a href=\"https:\/\/visitefloripa.com.br\/es\/o-que-ver\/praia-da-joaquina\/\" target=\"_blank\" data-type=\"link\" data-id=\"https:\/\/visitefloripa.com.br\/o-que-ver\/praia-da-joaquina\/\" rel=\"noreferrer noopener\">playa joaquina<\/a><\/strong> Joaquina es un \u00edcono del surf brasile\u00f1o. Famosa por sus fuertes olas y sus competiciones internacionales, es un punto de encuentro para surfistas de todo el mundo. Pero no te dejes enga\u00f1ar: incluso si no eres aventurero con la tabla, Joaquina es un lugar ideal para dar largos paseos, tomar fotos e incluso jugar en las dunas de arena blanca justo detr\u00e1s de la playa. Un lugar que combina deporte, naturaleza y el buen ambiente de Floripa.\u00a0<\/p>\n\n\n\n<div style=\"height:40px\" aria-hidden=\"true\" class=\"wp-block-spacer\"><\/div>\n\n\n\n<figure class=\"wp-block-gallery has-nested-images columns-default is-cropped wp-block-gallery-2 is-layout-flex wp-block-gallery-is-layout-flex\">\n<figure class=\"wp-block-image size-large\"><img decoding=\"async\" width=\"1024\" height=\"461\" data-id=\"1610\" src=\"https:\/\/visitefloripa.com.br\/wp-content\/uploads\/2023\/05\/Praia-da-Joaquina-2-1024x461.jpeg\" alt=\"\" class=\"wp-image-1610\" srcset=\"https:\/\/visitefloripa.com.br\/wp-content\/uploads\/2023\/05\/Praia-da-Joaquina-2-1024x461.jpeg 1024w, https:\/\/visitefloripa.com.br\/wp-content\/uploads\/2023\/05\/Praia-da-Joaquina-2-300x135.jpeg 300w, https:\/\/visitefloripa.com.br\/wp-content\/uploads\/2023\/05\/Praia-da-Joaquina-2-768x346.jpeg 768w, https:\/\/visitefloripa.com.br\/wp-content\/uploads\/2023\/05\/Praia-da-Joaquina-2-1536x691.jpeg 1536w, https:\/\/visitefloripa.com.br\/wp-content\/uploads\/2023\/05\/Praia-da-Joaquina-2.jpeg 1600w\" sizes=\"(max-width: 1024px) 100vw, 1024px\" \/><figcaption class=\"wp-element-caption\">playa joaquina<\/figcaption><\/figure>\n<\/figure>\n\n\n\n<div style=\"height:40px\" aria-hidden=\"true\" class=\"wp-block-spacer\"><\/div>\n\n\n\n<p><strong>Lagoinha del Este\u00a0<\/strong>\u00a0<\/p>\n\n\n\n<p>Si buscas contacto directo con la naturaleza, <strong><a href=\"https:\/\/visitefloripa.com.br\/es\/o-que-ver\/praia-da-lagoinha-do-leste\/\" target=\"_blank\" data-type=\"link\" data-id=\"https:\/\/visitefloripa.com.br\/o-que-ver\/praia-da-lagoinha-do-leste\/\" rel=\"noreferrer noopener\">Lagoinha del Este<\/a><\/strong> Es el destino perfecto. Aislada y accesible solo por sendero, esta playa transmite la sensaci\u00f3n de un para\u00edso escondido. El paseo es una experiencia en s\u00ed misma: exuberante vegetaci\u00f3n, canto de p\u00e1jaros y miradores con vistas impresionantes. Al llegar, prep\u00e1rese para dejarse cautivar por una playa de aguas cristalinas y arena blanca, rodeada de verdes colinas. Un lugar para quienes disfrutan de la aventura y la tranquilidad a partes iguales.\u00a0<\/p>\n\n\n\n<div style=\"height:40px\" aria-hidden=\"true\" class=\"wp-block-spacer\"><\/div>\n\n\n\n<figure class=\"wp-block-gallery has-nested-images columns-default is-cropped wp-block-gallery-3 is-layout-flex wp-block-gallery-is-layout-flex\">\n<figure class=\"wp-block-image size-large\"><img decoding=\"async\" width=\"1024\" height=\"575\" data-id=\"4897\" src=\"https:\/\/visitefloripa.com.br\/wp-content\/uploads\/2023\/05\/Lagoinha_do_Leste_jul24-32-1024x575.jpg\" alt=\"\" class=\"wp-image-4897\" srcset=\"https:\/\/visitefloripa.com.br\/wp-content\/uploads\/2023\/05\/Lagoinha_do_Leste_jul24-32-1024x575.jpg 1024w, https:\/\/visitefloripa.com.br\/wp-content\/uploads\/2023\/05\/Lagoinha_do_Leste_jul24-32-300x169.jpg 300w, https:\/\/visitefloripa.com.br\/wp-content\/uploads\/2023\/05\/Lagoinha_do_Leste_jul24-32-768x431.jpg 768w, https:\/\/visitefloripa.com.br\/wp-content\/uploads\/2023\/05\/Lagoinha_do_Leste_jul24-32-1536x863.jpg 1536w, https:\/\/visitefloripa.com.br\/wp-content\/uploads\/2023\/05\/Lagoinha_do_Leste_jul24-32-2048x1150.jpg 2048w, https:\/\/visitefloripa.com.br\/wp-content\/uploads\/2023\/05\/Lagoinha_do_Leste_jul24-32-18x10.jpg 18w\" sizes=\"(max-width: 1024px) 100vw, 1024px\" \/><figcaption class=\"wp-element-caption\">Playa de la laguna del Este<\/figcaption><\/figure>\n<\/figure>\n\n\n\n<div style=\"height:40px\" aria-hidden=\"true\" class=\"wp-block-spacer\"><\/div>\n\n\n\n<p><strong>San Antonio de Lisboa\u00a0<\/strong>\u00a0<\/p>\n\n\n\n<p>M\u00e1s que una playa, <strong><a href=\"https:\/\/visitefloripa.com.br\/es\/o-que-ver\/praia-de-santo-antonio-de-lisboa\/\" data-type=\"link\" data-id=\"https:\/\/visitefloripa.com.br\/o-que-ver\/praia-de-santo-antonio-de-lisboa\/\" target=\"_blank\" rel=\"noreferrer noopener\">San Antonio de Lisboa<\/a><\/strong> Es una inmersi\u00f3n en la historia y la cultura de las Azores en Florian\u00f3polis. Las aguas son tranquilas, pero lo m\u00e1s destacado no es el ba\u00f1o, sino el encanto de las casas antiguas, las calles empedradas y, sobre todo, la inolvidable puesta de sol. Al ponerse el sol, el cielo se ti\u00f1e de naranja y rosa, reflej\u00e1ndose en el agua y las peque\u00f1as embarcaciones ancladas en la orilla. Es una excursi\u00f3n perfecta para quienes desean combinar la belleza natural con la cultura y la buena gastronom\u00eda local.\u00a0<\/p>\n\n\n\n<div style=\"height:40px\" aria-hidden=\"true\" class=\"wp-block-spacer\"><\/div>\n\n\n\n<figure class=\"wp-block-gallery has-nested-images columns-default is-cropped wp-block-gallery-4 is-layout-flex wp-block-gallery-is-layout-flex\">\n<figure class=\"wp-block-image size-large\"><img loading=\"lazy\" decoding=\"async\" width=\"1024\" height=\"576\" data-id=\"1149\" src=\"https:\/\/visitefloripa.com.br\/wp-content\/uploads\/2023\/05\/Praia-de-Santo-Antonio-de-Lisboa-1_SITE-1024x576.jpg\" alt=\"\" class=\"wp-image-1149\" srcset=\"https:\/\/visitefloripa.com.br\/wp-content\/uploads\/2023\/05\/Praia-de-Santo-Antonio-de-Lisboa-1_SITE-1024x576.jpg 1024w, https:\/\/visitefloripa.com.br\/wp-content\/uploads\/2023\/05\/Praia-de-Santo-Antonio-de-Lisboa-1_SITE-300x169.jpg 300w, https:\/\/visitefloripa.com.br\/wp-content\/uploads\/2023\/05\/Praia-de-Santo-Antonio-de-Lisboa-1_SITE-768x432.jpg 768w, https:\/\/visitefloripa.com.br\/wp-content\/uploads\/2023\/05\/Praia-de-Santo-Antonio-de-Lisboa-1_SITE-1536x864.jpg 1536w, https:\/\/visitefloripa.com.br\/wp-content\/uploads\/2023\/05\/Praia-de-Santo-Antonio-de-Lisboa-1_SITE-2048x1152.jpg 2048w\" sizes=\"(max-width: 1024px) 100vw, 1024px\" \/><figcaption class=\"wp-element-caption\">Playa de Santo Antonio en Lisboa<\/figcaption><\/figure>\n<\/figure>\n\n\n\n<div style=\"height:40px\" aria-hidden=\"true\" class=\"wp-block-spacer\"><\/div>\n\n\n\n<h2 class=\"wp-block-heading\"><strong>2. Senderos y contacto con la naturaleza <\/strong><\/h2>\n\n\n\n<p>En primavera, los senderos son a\u00fan m\u00e1s bonitos, con una exuberante vegetaci\u00f3n verde y un clima agradable para caminar.\u00a0<\/p>\n\n\n\n<div style=\"height:40px\" aria-hidden=\"true\" class=\"wp-block-spacer\"><\/div>\n\n\n\n<p><strong>Sendero de la costa de Lagoa&nbsp;<\/strong>&nbsp;<\/p>\n\n\n\n<p>A <strong><a href=\"https:\/\/visitefloripa.com.br\/es\/o-que-ver\/trilha-da-costa-da-lagoa\/\" target=\"_blank\" data-type=\"link\" data-id=\"https:\/\/visitefloripa.com.br\/o-que-ver\/trilha-da-costa-da-lagoa\/\" rel=\"noreferrer noopener\">Sendero de la costa de Lagoa<\/a><\/strong> Combina una caminata ligera con la naturaleza y la cultura local. En el camino, encontrar\u00e1 una comunidad, puentes de madera, una cascada, un antiguo ingenio azucarero, la mansi\u00f3n de Do\u00f1a Loquinha y abundante vegetaci\u00f3n aut\u00f3ctona. Lo m\u00e1s destacado, adem\u00e1s de la vista constante de la Lagoa da Concei\u00e7\u00e3o, son los acogedores restaurantes a la orilla del agua, ideales para reponer fuerzas con un delicioso almuerzo despu\u00e9s del recorrido. Puede regresar en barco, completando el recorrido con otra vista inolvidable.\u00a0<\/p>\n\n\n\n<div style=\"height:40px\" aria-hidden=\"true\" class=\"wp-block-spacer\"><\/div>\n\n\n\n<figure class=\"wp-block-gallery has-nested-images columns-default is-cropped wp-block-gallery-5 is-layout-flex wp-block-gallery-is-layout-flex\">\n<figure class=\"wp-block-image size-large\"><img loading=\"lazy\" decoding=\"async\" width=\"1024\" height=\"461\" data-id=\"867\" src=\"https:\/\/visitefloripa.com.br\/wp-content\/uploads\/2023\/05\/Trilha_da_Costa_da_Lagoa-13-1024x461.jpeg\" alt=\"\" class=\"wp-image-867\" srcset=\"https:\/\/visitefloripa.com.br\/wp-content\/uploads\/2023\/05\/Trilha_da_Costa_da_Lagoa-13-1024x461.jpeg 1024w, https:\/\/visitefloripa.com.br\/wp-content\/uploads\/2023\/05\/Trilha_da_Costa_da_Lagoa-13-300x135.jpeg 300w, https:\/\/visitefloripa.com.br\/wp-content\/uploads\/2023\/05\/Trilha_da_Costa_da_Lagoa-13-768x346.jpeg 768w, https:\/\/visitefloripa.com.br\/wp-content\/uploads\/2023\/05\/Trilha_da_Costa_da_Lagoa-13-1536x691.jpeg 1536w, https:\/\/visitefloripa.com.br\/wp-content\/uploads\/2023\/05\/Trilha_da_Costa_da_Lagoa-13.jpeg 1600w\" sizes=\"(max-width: 1024px) 100vw, 1024px\" \/><figcaption class=\"wp-element-caption\">Sendero de la costa de Lagoa <\/figcaption><\/figure>\n<\/figure>\n\n\n\n<div style=\"height:40px\" aria-hidden=\"true\" class=\"wp-block-spacer\"><\/div>\n\n\n\n<p><strong>Sendero Morro das Aranhas\u00a0<\/strong>\u00a0<\/p>\n\n\n\n<p>Situado en el norte de la isla, el <strong><a href=\"https:\/\/visitefloripa.com.br\/es\/o-que-ver\/trilha-do-morro-das-aranhas\/\" target=\"_blank\" data-type=\"link\" data-id=\"https:\/\/visitefloripa.com.br\/o-que-ver\/trilha-do-morro-das-aranhas\/\" rel=\"noreferrer noopener\">Sendero Morro das Aranhas<\/a><\/strong> Es de dificultad f\u00e1cil a moderada y ofrece impresionantes vistas de la Playa de Santinho. El sendero es relativamente corto, pero est\u00e1 repleto de hermosos paisajes: acantilados rocosos, vegetaci\u00f3n baja t\u00edpica de la restinga y, por supuesto, la vista panor\u00e1mica que se abre desde la cima. En d\u00edas soleados, es uno de esos lugares donde uno se siente empeque\u00f1ecido por la inmensidad del mar.\u00a0<\/p>\n\n\n\n<div style=\"height:40px\" aria-hidden=\"true\" class=\"wp-block-spacer\"><\/div>\n\n\n\n<figure class=\"wp-block-gallery has-nested-images columns-default is-cropped wp-block-gallery-6 is-layout-flex wp-block-gallery-is-layout-flex\">\n<figure class=\"wp-block-image size-large\"><img loading=\"lazy\" decoding=\"async\" width=\"1024\" height=\"575\" data-id=\"4754\" src=\"https:\/\/visitefloripa.com.br\/wp-content\/uploads\/2024\/06\/Trilha-do-Morro-das-Aranhas-22-1-1024x575.jpg\" alt=\"\" class=\"wp-image-4754\" srcset=\"https:\/\/visitefloripa.com.br\/wp-content\/uploads\/2024\/06\/Trilha-do-Morro-das-Aranhas-22-1-1024x575.jpg 1024w, https:\/\/visitefloripa.com.br\/wp-content\/uploads\/2024\/06\/Trilha-do-Morro-das-Aranhas-22-1-300x169.jpg 300w, https:\/\/visitefloripa.com.br\/wp-content\/uploads\/2024\/06\/Trilha-do-Morro-das-Aranhas-22-1-768x432.jpg 768w, https:\/\/visitefloripa.com.br\/wp-content\/uploads\/2024\/06\/Trilha-do-Morro-das-Aranhas-22-1-1536x863.jpg 1536w, https:\/\/visitefloripa.com.br\/wp-content\/uploads\/2024\/06\/Trilha-do-Morro-das-Aranhas-22-1-2048x1151.jpg 2048w, https:\/\/visitefloripa.com.br\/wp-content\/uploads\/2024\/06\/Trilha-do-Morro-das-Aranhas-22-1-18x10.jpg 18w\" sizes=\"(max-width: 1024px) 100vw, 1024px\" \/><figcaption class=\"wp-element-caption\">Sendero Morro das Aranhas<\/figcaption><\/figure>\n<\/figure>\n\n\n\n<div style=\"height:40px\" aria-hidden=\"true\" class=\"wp-block-spacer\"><\/div>\n\n\n\n<p><strong>Sendero Gravat\u00e1\u00a0<\/strong>\u00a0<\/p>\n\n\n\n<p>Encantador y m\u00e1s corto que los dem\u00e1s, el <strong><a href=\"https:\/\/visitefloripa.com.br\/es\/o-que-ver\/trilha-da-praia-do-gravata\/\" target=\"_blank\" data-type=\"link\" data-id=\"https:\/\/visitefloripa.com.br\/o-que-ver\/trilha-da-praia-do-gravata\/\" rel=\"noreferrer noopener\">Sendero Gravat\u00e1<\/a><\/strong> Es perfecto para quienes no disponen de mucho tiempo o no quieren hacer mucho esfuerzo f\u00edsico. La ruta comienza cerca de <strong><a href=\"https:\/\/visitefloripa.com.br\/es\/o-que-ver\/praia-mole\/\" target=\"_blank\" data-type=\"link\" data-id=\"https:\/\/visitefloripa.com.br\/o-que-ver\/praia-mole\/\" rel=\"noreferrer noopener\">Playa Mole<\/a><\/strong> Y conduce a una peque\u00f1a playa de aguas cristalinas y rocas que crean un entorno maravilloso. Es un paseo que combina tranquilidad, silencio y vistas impresionantes, ideal para una tarde de primavera.\u00a0<\/p>\n\n\n\n<div style=\"height:40px\" aria-hidden=\"true\" class=\"wp-block-spacer\"><\/div>\n\n\n\n<figure class=\"wp-block-gallery has-nested-images columns-default is-cropped wp-block-gallery-7 is-layout-flex wp-block-gallery-is-layout-flex\">\n<figure class=\"wp-block-image size-large\"><img loading=\"lazy\" decoding=\"async\" width=\"1024\" height=\"576\" data-id=\"876\" src=\"https:\/\/visitefloripa.com.br\/wp-content\/uploads\/2023\/05\/Praia-do-Gravata-4_SITE-1024x576.jpg\" alt=\"\" class=\"wp-image-876\" srcset=\"https:\/\/visitefloripa.com.br\/wp-content\/uploads\/2023\/05\/Praia-do-Gravata-4_SITE-1024x576.jpg 1024w, https:\/\/visitefloripa.com.br\/wp-content\/uploads\/2023\/05\/Praia-do-Gravata-4_SITE-300x169.jpg 300w, https:\/\/visitefloripa.com.br\/wp-content\/uploads\/2023\/05\/Praia-do-Gravata-4_SITE-768x432.jpg 768w, https:\/\/visitefloripa.com.br\/wp-content\/uploads\/2023\/05\/Praia-do-Gravata-4_SITE-1536x864.jpg 1536w, https:\/\/visitefloripa.com.br\/wp-content\/uploads\/2023\/05\/Praia-do-Gravata-4_SITE-2048x1152.jpg 2048w\" sizes=\"(max-width: 1024px) 100vw, 1024px\" \/><figcaption class=\"wp-element-caption\">Playa de Gravat\u00e1<\/figcaption><\/figure>\n<\/figure>\n\n\n\n<div style=\"height:40px\" aria-hidden=\"true\" class=\"wp-block-spacer\"><\/div>\n\n\n\n<h2 class=\"wp-block-heading\"><strong>3. Tours culturales e hist\u00f3ricos <\/strong><\/h2>\n\n\n\n<p>Floripa no es solo playa. La primavera es una \u00e9poca ideal para pasear por el centro y explorar la historia de la ciudad.\u00a0<\/p>\n\n\n\n<div style=\"height:40px\" aria-hidden=\"true\" class=\"wp-block-spacer\"><\/div>\n\n\n\n<p><strong>Centro hist\u00f3rico&nbsp;<\/strong>&nbsp;<\/p>\n\n\n\n<p>El coraz\u00f3n de Florian\u00f3polis late en <strong>Centro hist\u00f3rico<\/strong>, un lugar perfecto para comenzar a explorar la cultura de la ciudad. <strong><a href=\"https:\/\/visitefloripa.com.br\/es\/o-que-ver\/praca-xv-de-novembro\/\" target=\"_blank\" data-type=\"link\" data-id=\"https:\/\/visitefloripa.com.br\/o-que-ver\/praca-xv-de-novembro\/\" rel=\"noreferrer noopener\">Plaza XV de Noviembre<\/a><\/strong>, con su famosa higuera centenaria, es un punto de encuentro para lugare\u00f1os y turistas. Justo al lado, <strong><a href=\"https:\/\/visitefloripa.com.br\/es\/o-que-ver\/catedral-de-nossa-senhora-do-desterro\/\" target=\"_blank\" data-type=\"link\" data-id=\"https:\/\/visitefloripa.com.br\/o-que-ver\/catedral-de-nossa-senhora-do-desterro\/\" rel=\"noreferrer noopener\">Catedral Metropolitana<\/a><\/strong> Impresiona por su arquitectura e importancia religiosa. Y no te lo puedes perder. <strong><a href=\"https:\/\/visitefloripa.com.br\/es\/o-que-ver\/mercado-publico\/\" target=\"_blank\" data-type=\"link\" data-id=\"https:\/\/visitefloripa.com.br\/o-que-ver\/mercado-publico\/\" rel=\"noreferrer noopener\">Mercado p\u00fablico<\/a><\/strong>Lleno de colores, aromas y sonidos, donde encontrar\u00e1s de todo, desde artesan\u00eda local hasta pescader\u00edas y bares animados. Pasear por el centro es como vivir el esp\u00edritu de la isla, fusionando pasado y presente en un solo paseo.\u00a0<\/p>\n\n\n\n<div style=\"height:40px\" aria-hidden=\"true\" class=\"wp-block-spacer\"><\/div>\n\n\n\n<figure class=\"wp-block-gallery has-nested-images columns-default is-cropped wp-block-gallery-8 is-layout-flex wp-block-gallery-is-layout-flex\">\n<figure class=\"wp-block-image size-large\"><img loading=\"lazy\" decoding=\"async\" width=\"1024\" height=\"461\" data-id=\"4502\" src=\"https:\/\/visitefloripa.com.br\/wp-content\/uploads\/2023\/06\/Praca-XV-e-Figueira-Centenaria-11-1024x461.jpg\" alt=\"\" class=\"wp-image-4502\" srcset=\"https:\/\/visitefloripa.com.br\/wp-content\/uploads\/2023\/06\/Praca-XV-e-Figueira-Centenaria-11-1024x461.jpg 1024w, https:\/\/visitefloripa.com.br\/wp-content\/uploads\/2023\/06\/Praca-XV-e-Figueira-Centenaria-11-300x135.jpg 300w, https:\/\/visitefloripa.com.br\/wp-content\/uploads\/2023\/06\/Praca-XV-e-Figueira-Centenaria-11-768x346.jpg 768w, https:\/\/visitefloripa.com.br\/wp-content\/uploads\/2023\/06\/Praca-XV-e-Figueira-Centenaria-11-1536x691.jpg 1536w, https:\/\/visitefloripa.com.br\/wp-content\/uploads\/2023\/06\/Praca-XV-e-Figueira-Centenaria-11-18x8.jpg 18w, https:\/\/visitefloripa.com.br\/wp-content\/uploads\/2023\/06\/Praca-XV-e-Figueira-Centenaria-11.jpg 1900w\" sizes=\"(max-width: 1024px) 100vw, 1024px\" \/><figcaption class=\"wp-element-caption\">Higuera Centenaria en la Plaza XV<\/figcaption><\/figure>\n<\/figure>\n\n\n\n<div style=\"height:40px\" aria-hidden=\"true\" class=\"wp-block-spacer\"><\/div>\n\n\n\n<p><strong>Fuerte de S\u00e3o Jos\u00e9 da Ponta Grossa\u00a0<\/strong>\u00a0<\/p>\n\n\n\n<p>Construido en el siglo XVIII para proteger la regi\u00f3n de las invasiones, el <strong><a href=\"https:\/\/visitefloripa.com.br\/es\/o-que-ver\/fortaleza-de-sao-jose-da-ponta-grossa\/\" data-type=\"link\" data-id=\"https:\/\/visitefloripa.com.br\/o-que-ver\/fortaleza-de-sao-jose-da-ponta-grossa\/\">Fuerte de S\u00e3o Jos\u00e9 da Ponta Grossa<\/a><\/strong> Es una verdadera inmersi\u00f3n en la historia colonial de Santa Catarina. Ubicado en Jurer\u00ea Internacional, el fuerte cuenta con muros de piedra, ca\u00f1ones y edificios antiguos que narran la vida militar de la \u00e9poca. Adem\u00e1s de su valor hist\u00f3rico, el sitio ofrece a los visitantes incre\u00edbles vistas panor\u00e1micas del mar y la costa, lo que hace la visita a\u00fan m\u00e1s especial. Es el tipo de tour que combina cultura, paisajes y fotos excelentes.\u00a0\u00a0<\/p>\n\n\n\n<div style=\"height:40px\" aria-hidden=\"true\" class=\"wp-block-spacer\"><\/div>\n\n\n\n<figure class=\"wp-block-gallery has-nested-images columns-default is-cropped wp-block-gallery-9 is-layout-flex wp-block-gallery-is-layout-flex\">\n<figure class=\"wp-block-image size-large\"><img loading=\"lazy\" decoding=\"async\" width=\"1024\" height=\"576\" data-id=\"834\" src=\"https:\/\/visitefloripa.com.br\/wp-content\/uploads\/2023\/05\/Forte-Sao-Jose-da-Ponta-Grossa-3_SITE-1024x576.jpg\" alt=\"\" class=\"wp-image-834\" srcset=\"https:\/\/visitefloripa.com.br\/wp-content\/uploads\/2023\/05\/Forte-Sao-Jose-da-Ponta-Grossa-3_SITE-1024x576.jpg 1024w, https:\/\/visitefloripa.com.br\/wp-content\/uploads\/2023\/05\/Forte-Sao-Jose-da-Ponta-Grossa-3_SITE-300x169.jpg 300w, https:\/\/visitefloripa.com.br\/wp-content\/uploads\/2023\/05\/Forte-Sao-Jose-da-Ponta-Grossa-3_SITE-768x432.jpg 768w, https:\/\/visitefloripa.com.br\/wp-content\/uploads\/2023\/05\/Forte-Sao-Jose-da-Ponta-Grossa-3_SITE-1536x864.jpg 1536w, https:\/\/visitefloripa.com.br\/wp-content\/uploads\/2023\/05\/Forte-Sao-Jose-da-Ponta-Grossa-3_SITE-2048x1152.jpg 2048w\" sizes=\"(max-width: 1024px) 100vw, 1024px\" \/><figcaption class=\"wp-element-caption\">Fortaleza de Sao Jos\u00e9 da Ponta Grossa<\/figcaption><\/figure>\n<\/figure>\n\n\n\n<div style=\"height:40px\" aria-hidden=\"true\" class=\"wp-block-spacer\"><\/div>\n\n\n\n<p>Abierto todos los d\u00edas de la semana, excepto los lunes, de 8:30 a. m. a 6:30 p. m. La entrada cuesta R$16.00 (precio normal) y las entradas con descuento cuestan R$14.00 (solo en efectivo). La entrada es gratuita el \u00faltimo domingo de cada mes, entre marzo y noviembre.\u00a0<\/p>\n\n\n\n<div style=\"height:40px\" aria-hidden=\"true\" class=\"wp-block-spacer\"><\/div>\n\n\n\n<p><strong>Ribeirao da Ilha&nbsp;<\/strong>&nbsp;<\/p>\n\n\n\n<p>Uno de los barrios m\u00e1s antiguos de Florian\u00f3polis, <strong><a href=\"https:\/\/visitefloripa.com.br\/es\/o-que-ver\/praia-do-ribeirao-da-ilha\/\" target=\"_blank\" data-type=\"link\" data-id=\"https:\/\/visitefloripa.com.br\/o-que-ver\/praia-do-ribeirao-da-ilha\/\" rel=\"noreferrer noopener\">Ribeirao da Ilha<\/a><\/strong> Es pr\u00e1cticamente un viaje en el tiempo. Las casitas coloridas, las calles adoquinadas y la sencilla iglesia revelan el s\u00f3lido legado cultural de los colonizadores portugueses. Recorrerlo es como vivir la historia en primera persona, mientras que el aroma del mar y la suave brisa completan la experiencia. Adem\u00e1s de su belleza arquitect\u00f3nica y su encantadora tranquilidad, el barrio tambi\u00e9n es famoso por las ostras que se cultivan en sus tranquilas aguas, lo que hace la visita a\u00fan m\u00e1s placentera para quienes disfrutan de la gastronom\u00eda tradicional.\u00a0<\/p>\n\n\n\n<div style=\"height:40px\" aria-hidden=\"true\" class=\"wp-block-spacer\"><\/div>\n\n\n\n<figure class=\"wp-block-gallery has-nested-images columns-default is-cropped wp-block-gallery-10 is-layout-flex wp-block-gallery-is-layout-flex\">\n<figure class=\"wp-block-image size-large\"><img loading=\"lazy\" decoding=\"async\" width=\"1024\" height=\"575\" data-id=\"1266\" src=\"https:\/\/visitefloripa.com.br\/wp-content\/uploads\/2023\/05\/Ribeirao-da-Ilha-4_SITE-1024x575.jpg\" alt=\"\" class=\"wp-image-1266\" srcset=\"https:\/\/visitefloripa.com.br\/wp-content\/uploads\/2023\/05\/Ribeirao-da-Ilha-4_SITE-1024x575.jpg 1024w, https:\/\/visitefloripa.com.br\/wp-content\/uploads\/2023\/05\/Ribeirao-da-Ilha-4_SITE-300x169.jpg 300w, https:\/\/visitefloripa.com.br\/wp-content\/uploads\/2023\/05\/Ribeirao-da-Ilha-4_SITE-768x431.jpg 768w, https:\/\/visitefloripa.com.br\/wp-content\/uploads\/2023\/05\/Ribeirao-da-Ilha-4_SITE-1536x863.jpg 1536w, https:\/\/visitefloripa.com.br\/wp-content\/uploads\/2023\/05\/Ribeirao-da-Ilha-4_SITE-2048x1150.jpg 2048w\" sizes=\"(max-width: 1024px) 100vw, 1024px\" \/><figcaption class=\"wp-element-caption\">Ribeirao da Ilha<\/figcaption><\/figure>\n<\/figure>\n\n\n\n<div style=\"height:40px\" aria-hidden=\"true\" class=\"wp-block-spacer\"><\/div>\n\n\n\n<h2 class=\"wp-block-heading\"><strong>4 \u2013 Parques imperdibles&nbsp;<\/strong>&nbsp;<\/h2>\n\n\n\n<p>Floripa es famosa por sus playas, pero la ciudad tambi\u00e9n tiene un lado verde que muchos pasan por alto. Y mira, la primavera es la \u00e9poca perfecta para disfrutar de estos espacios:\u00a0<\/p>\n\n\n\n<div style=\"height:40px\" aria-hidden=\"true\" class=\"wp-block-spacer\"><\/div>\n\n\n\n<p><strong>Jard\u00edn Bot\u00e1nico de Florian\u00f3polis <\/strong><\/p>\n\n\n\n<p>Si la idea es desconectar un poco del bullicio y conectar con el verde, <strong><a href=\"https:\/\/visitefloripa.com.br\/es\/o-que-ver\/jardim-botanico-de-florianopolis\/\" target=\"_blank\" data-type=\"link\" data-id=\"https:\/\/visitefloripa.com.br\/o-que-ver\/jardim-botanico-de-florianopolis\/\" rel=\"noreferrer noopener\">Jard\u00edn Bot\u00e1nico de Florian\u00f3polis<\/a><\/strong> Es una visita obligada. Se encuentra en el barrio de Itacorubi, muy cerca del manglar, ocupando una gran \u00e1rea de <strong>19 hect\u00e1reas<\/strong> Lleno de vida. All\u00ed encontrar\u00e1 senderos tranquilos, jardines tem\u00e1ticos, un orquideario, zonas de c\u00e9sped para relajarse y un lago que embellece a\u00fan m\u00e1s el paseo. <strong>De jueves a domingo, de 7:30 a 18:00 horas.<\/strong>La entrada es gratuita. Es el lugar perfecto para un picnic primaveral, fotografiar flores o simplemente disfrutar del canto de los p\u00e1jaros. Direcci\u00f3n: Rodovia Admar Gonzaga, 742 \u2013 Itacorubi.\u00a0<\/p>\n\n\n\n<div style=\"height:40px\" aria-hidden=\"true\" class=\"wp-block-spacer\"><\/div>\n\n\n\n<figure class=\"wp-block-gallery has-nested-images columns-default is-cropped wp-block-gallery-11 is-layout-flex wp-block-gallery-is-layout-flex\">\n<figure class=\"wp-block-image size-large\"><img loading=\"lazy\" decoding=\"async\" width=\"1024\" height=\"461\" data-id=\"857\" src=\"https:\/\/visitefloripa.com.br\/wp-content\/uploads\/2023\/05\/Jardim-Botanico-8_SITE-1024x461.jpg\" alt=\"\" class=\"wp-image-857\" srcset=\"https:\/\/visitefloripa.com.br\/wp-content\/uploads\/2023\/05\/Jardim-Botanico-8_SITE-1024x461.jpg 1024w, https:\/\/visitefloripa.com.br\/wp-content\/uploads\/2023\/05\/Jardim-Botanico-8_SITE-300x135.jpg 300w, https:\/\/visitefloripa.com.br\/wp-content\/uploads\/2023\/05\/Jardim-Botanico-8_SITE-768x346.jpg 768w, https:\/\/visitefloripa.com.br\/wp-content\/uploads\/2023\/05\/Jardim-Botanico-8_SITE-1536x691.jpg 1536w, https:\/\/visitefloripa.com.br\/wp-content\/uploads\/2023\/05\/Jardim-Botanico-8_SITE-2048x922.jpg 2048w\" sizes=\"(max-width: 1024px) 100vw, 1024px\" \/><figcaption class=\"wp-element-caption\">jard\u00edn Bot\u00e1nico<\/figcaption><\/figure>\n<\/figure>\n\n\n\n<div style=\"height:40px\" aria-hidden=\"true\" class=\"wp-block-spacer\"><\/div>\n\n\n\n<p><strong>parque de luz\u00a0<\/strong>\u00a0<\/p>\n\n\n\n<p>En el centro de la ciudad, justo en la cabecera del Puente Herc\u00edlio Luz, se encuentra el <strong><a href=\"https:\/\/visitefloripa.com.br\/es\/o-que-ver\/parque-da-luz\/\" target=\"_blank\" data-type=\"link\" data-id=\"https:\/\/visitefloripa.com.br\/o-que-ver\/parque-da-luz\/\" rel=\"noreferrer noopener\">parque de luz<\/a><\/strong>, un soplo de aire fresco y verde en medio del bullicio. Hay m\u00e1s de <strong>37 mil m\u00b2<\/strong> de zonas boscosas, con un mirador que ofrece incre\u00edbles vistas del puente y la costa. El espacio tambi\u00e9n cuenta con un reloj de sol, una cancha de f\u00fatbol, senderos cortos e incluso un vivero de \u00e1rboles frutales. Abierto <strong>24 horas al d\u00eda<\/strong>Es ideal tanto para un paseo temprano antes de empezar el d\u00eda como para terminar la tarde contemplando el atardecer desde el puente iluminado. Se encuentra en la calle Felipe Schmidt, en el centro.\u00a0<\/p>\n\n\n\n<div style=\"height:40px\" aria-hidden=\"true\" class=\"wp-block-spacer\"><\/div>\n\n\n\n<figure class=\"wp-block-gallery has-nested-images columns-default is-cropped wp-block-gallery-12 is-layout-flex wp-block-gallery-is-layout-flex\">\n<figure class=\"wp-block-image size-large\"><img loading=\"lazy\" decoding=\"async\" width=\"1024\" height=\"461\" data-id=\"1727\" src=\"https:\/\/visitefloripa.com.br\/wp-content\/uploads\/2023\/06\/Parque-da-Luz-5_VisiteFloripa-1024x461.jpg\" alt=\"\" class=\"wp-image-1727\" srcset=\"https:\/\/visitefloripa.com.br\/wp-content\/uploads\/2023\/06\/Parque-da-Luz-5_VisiteFloripa-1024x461.jpg 1024w, https:\/\/visitefloripa.com.br\/wp-content\/uploads\/2023\/06\/Parque-da-Luz-5_VisiteFloripa-300x135.jpg 300w, https:\/\/visitefloripa.com.br\/wp-content\/uploads\/2023\/06\/Parque-da-Luz-5_VisiteFloripa-768x346.jpg 768w, https:\/\/visitefloripa.com.br\/wp-content\/uploads\/2023\/06\/Parque-da-Luz-5_VisiteFloripa-1536x692.jpg 1536w, https:\/\/visitefloripa.com.br\/wp-content\/uploads\/2023\/06\/Parque-da-Luz-5_VisiteFloripa.jpg 1850w\" sizes=\"(max-width: 1024px) 100vw, 1024px\" \/><figcaption class=\"wp-element-caption\">parque de luz<\/figcaption><\/figure>\n<\/figure>\n\n\n\n<div style=\"height:40px\" aria-hidden=\"true\" class=\"wp-block-spacer\"><\/div>\n\n\n\n<p><strong>parque del coco<\/strong>\u00a0<\/p>\n\n\n\n<p>Al otro lado del puente, en el barrio de Coqueiros, se encuentra el <strong><a href=\"https:\/\/visitefloripa.com.br\/es\/o-que-ver\/parque-de-coqueiros\/\" target=\"_blank\" data-type=\"link\" data-id=\"https:\/\/visitefloripa.com.br\/o-que-ver\/parque-de-coqueiros\/\" rel=\"noreferrer noopener\">parque del coco<\/a><\/strong>Un espacio muy querido por residentes y visitantes. Con un sendero para caminar. <strong>850 metros<\/strong>Con c\u00e9sped bien cuidado, \u00e1rboles que brindan la sombra justa y un ambiente tranquilo, el parque es ideal para quienes desean hacer ejercicio, dar un paseo en familia o simplemente relajarse mientras admiran la vista de la bah\u00eda. <strong>Todos los d\u00edas, de 8 a 22 horas.<\/strong>, con entrada gratuita. La direcci\u00f3n es Avenida Engenheiro Max de Souza \u2013 Coqueiros.\u00a0<\/p>\n\n\n\n<div style=\"height:40px\" aria-hidden=\"true\" class=\"wp-block-spacer\"><\/div>\n\n\n\n<figure class=\"wp-block-gallery has-nested-images columns-default is-cropped wp-block-gallery-13 is-layout-flex wp-block-gallery-is-layout-flex\">\n<figure class=\"wp-block-image size-large\"><img loading=\"lazy\" decoding=\"async\" width=\"1024\" height=\"461\" data-id=\"4523\" src=\"https:\/\/visitefloripa.com.br\/wp-content\/uploads\/2023\/05\/Parque-de-Coqueiros-28-1024x461.jpg\" alt=\"\" class=\"wp-image-4523\" srcset=\"https:\/\/visitefloripa.com.br\/wp-content\/uploads\/2023\/05\/Parque-de-Coqueiros-28-1024x461.jpg 1024w, https:\/\/visitefloripa.com.br\/wp-content\/uploads\/2023\/05\/Parque-de-Coqueiros-28-300x135.jpg 300w, https:\/\/visitefloripa.com.br\/wp-content\/uploads\/2023\/05\/Parque-de-Coqueiros-28-768x346.jpg 768w, https:\/\/visitefloripa.com.br\/wp-content\/uploads\/2023\/05\/Parque-de-Coqueiros-28-1536x691.jpg 1536w, https:\/\/visitefloripa.com.br\/wp-content\/uploads\/2023\/05\/Parque-de-Coqueiros-28-18x8.jpg 18w, https:\/\/visitefloripa.com.br\/wp-content\/uploads\/2023\/05\/Parque-de-Coqueiros-28.jpg 2000w\" sizes=\"(max-width: 1024px) 100vw, 1024px\" \/><figcaption class=\"wp-element-caption\">parque del coco<\/figcaption><\/figure>\n<\/figure>\n\n\n\n<div style=\"height:40px\" aria-hidden=\"true\" class=\"wp-block-spacer\"><\/div>\n\n\n\n<h2 class=\"wp-block-heading\"><strong>Conclusi\u00f3n: \u00bfVale la pena visitar Floripa en primavera?<\/strong>&nbsp;<\/h2>\n\n\n\n<p>\u00a1Sin duda!&nbsp;&nbsp;<\/p>\n\n\n\n<p>La primavera en Florian\u00f3polis es la \u00e9poca perfecta para quienes desean disfrutar de la ciudad en paz, disfrutar del clima agradable y, al mismo tiempo, disfrutar de la belleza de la naturaleza en todo su esplendor. Es como si la isla se estuviera preparando para recibir el verano, pero de una manera m\u00e1s \u00edntima y acogedora.&nbsp;<\/p>\n\n\n\n<p>Ya sea que est\u00e9 relaj\u00e1ndose en las playas, aventur\u00e1ndose en los senderos o experimentando la cultura local, Floripa en primavera es una experiencia completa.&nbsp;<\/p>\n\n\n\n<p>As\u00ed que, si ten\u00edas dudas, \u00a1ya puedes empezar a preparar las maletas!&nbsp;<\/p>","protected":false},"excerpt":{"rendered":"<p>La primavera transforma Florian\u00f3polis en un destino a\u00fan m\u00e1s encantador: d\u00edas soleados, clima templado, flores por toda la ciudad y exuberante vegetaci\u00f3n en parques y senderos. Es el momento perfecto para explorar la isla a un ritmo pausado, sin las prisas de la temporada alta. En esta gu\u00eda, descubrir\u00e1s playas impresionantes, paseos por la naturaleza, recorridos culturales y parques imprescindibles para disfrutar de la temporada de flores en la Isla M\u00e1gica. <\/p>","protected":false},"author":3,"featured_media":7994,"comment_status":"closed","ping_status":"closed","sticky":false,"template":"","format":"standard","meta":{"footnotes":""},"categories":[37],"tags":[944,550,943,939,945,937,938,940,564,936,587,483,558,941,942],"class_list":["post-7992","post","type-post","status-publish","format-standard","has-post-thumbnail","hentry","category-dicas","tag-clima-primavera-em-florianopolis","tag-dicas-de-viagem-florianopolis","tag-florianopolis-ilha-da-magia","tag-guia-de-viagem-florianopolis","tag-melhor-epoca-para-visitar-florianopolis","tag-o-que-fazer-em-florianopolis-na-primavera","tag-parques-de-florianopolis","tag-passeios-culturais-em-florianopolis","tag-praias-de-florianopolis","tag-primavera-em-florianopolis","tag-roteiro-de-viagem-florianopolis","tag-trilhas-em-florianopolis","tag-turismo-em-florianopolis","tag-viagem-para-santa-catarina","tag-visitar-florianopolis"],"_links":{"self":[{"href":"https:\/\/visitefloripa.com.br\/es\/wp-json\/wp\/v2\/posts\/7992","targetHints":{"allow":["GET"]}}],"collection":[{"href":"https:\/\/visitefloripa.com.br\/es\/wp-json\/wp\/v2\/posts"}],"about":[{"href":"https:\/\/visitefloripa.com.br\/es\/wp-json\/wp\/v2\/types\/post"}],"author":[{"embeddable":true,"href":"https:\/\/visitefloripa.com.br\/es\/wp-json\/wp\/v2\/users\/3"}],"replies":[{"embeddable":true,"href":"https:\/\/visitefloripa.com.br\/es\/wp-json\/wp\/v2\/comments?post=7992"}],"version-history":[{"count":2,"href":"https:\/\/visitefloripa.com.br\/es\/wp-json\/wp\/v2\/posts\/7992\/revisions"}],"predecessor-version":[{"id":7995,"href":"https:\/\/visitefloripa.com.br\/es\/wp-json\/wp\/v2\/posts\/7992\/revisions\/7995"}],"wp:featuredmedia":[{"embeddable":true,"href":"https:\/\/visitefloripa.com.br\/es\/wp-json\/wp\/v2\/media\/7994"}],"wp:attachment":[{"href":"https:\/\/visitefloripa.com.br\/es\/wp-json\/wp\/v2\/media?parent=7992"}],"wp:term":[{"taxonomy":"category","embeddable":true,"href":"https:\/\/visitefloripa.com.br\/es\/wp-json\/wp\/v2\/categories?post=7992"},{"taxonomy":"post_tag","embeddable":true,"href":"https:\/\/visitefloripa.com.br\/es\/wp-json\/wp\/v2\/tags?post=7992"}],"curies":[{"name":"gracias","href":"https:\/\/api.w.org\/{rel}","templated":true}]}}