{"id":8463,"date":"2025-11-27T13:44:06","date_gmt":"2025-11-27T16:44:06","guid":{"rendered":"https:\/\/visitefloripa.com.br\/?p=8463"},"modified":"2025-11-27T18:41:44","modified_gmt":"2025-11-27T21:41:44","slug":"as-trilhas-imperdiveis-para-explorar-floripa-nesta-temporada-de-verao-com-o-familia-natrilha","status":"publish","type":"post","link":"https:\/\/visitefloripa.com.br\/es\/as-trilhas-imperdiveis-para-explorar-floripa-nesta-temporada-de-verao-com-o-familia-natrilha\/","title":{"rendered":"Los senderos imperdibles para explorar Floripa esta temporada de verano con Fam\u00edlia NaTrilha."},"content":{"rendered":"<h2 class=\"wp-block-heading\"><strong>Introducci\u00f3n<\/strong>&nbsp;<\/h2>\n\n\n\n<p>Florian\u00f3polis es un destino que vive en la imaginaci\u00f3n de quienes aman viajar: playas exuberantes, naturaleza preservada, una cultura vibrante y una energ\u00eda indescriptible; solo se siente. Pero, m\u00e1s all\u00e1 de la belleza costera, hay otra cara de la isla que solo se revela a quienes se permiten caminar por sus antiguos senderos, atravesar bosques, escuchar historias, observar detalles y experimentar el paisaje con calma, al ritmo de sus pies.&nbsp;<\/p>\n\n\n\n<p>Es precisamente en esta experiencia transformadora que la&nbsp;<strong>Familia en el camino<\/strong>, operador especializado en senderismo y turismo de naturaleza, se ha convertido en un referente. Para la temporada 2025\/2026, la compa\u00f1\u00eda presenta una cartera de itinerarios que combinan aventura, seguridad, historia, sostenibilidad y una verdadera inmersi\u00f3n en la esencia de la Isla M\u00e1gica.&nbsp;<\/p>\n\n\n\n<p>En este texto, presentamos todos los senderos y actividades que ofrecemos esta temporada. \u00a1Prep\u00e1rate para elegir tu pr\u00f3xima aventura!&nbsp;<\/p>\n\n\n\n<div style=\"height:40px\" aria-hidden=\"true\" class=\"wp-block-spacer\"><\/div>\n\n\n\n<h2 class=\"wp-block-heading\"><strong>\u00bfQui\u00e9n es Fam\u00edlia NaTrilha?<\/strong>&nbsp;<\/h2>\n\n\n\n<p>O&nbsp;<strong><a href=\"https:\/\/www.familianatrilha.tur.br\/sobre\" data-type=\"link\" data-id=\"https:\/\/www.familianatrilha.tur.br\/sobre\" target=\"_blank\" rel=\"noopener\">Familia en el camino<\/a><\/strong>&nbsp;Es un operador tur\u00edstico con sede en Florian\u00f3polis, especializado en senderismo, tours de naturaleza y experiencias al aire libre que revelan la verdadera esencia de la isla. La empresa naci\u00f3 de la pasi\u00f3n por explorar senderos, preservar el medio ambiente y compartir historias, y con los a\u00f1os se ha convertido en un referente nacional en seguridad, calidad y sostenibilidad.&nbsp;&nbsp;<\/p>\n\n\n\n<p>Todo el equipo est\u00e1 compuesto por gu\u00edas tur\u00edsticos acreditados por CADASTUR (Registro Nacional de Turismo de Brasil), certificados en rescate avanzado en zonas remotas y con un profundo conocimiento de la geolog\u00eda, la cultura, la fauna y la flora de la regi\u00f3n. Adem\u00e1s, Fam\u00edlia NaTrilha es reconocida internacionalmente por sus buenas pr\u00e1cticas, con certificaciones como...&nbsp;<strong>Sello de buen viaje<\/strong>, importantes premios medioambientales y reconocimiento como finalista de&nbsp;<strong>Premio Braztoa a la Sostenibilidad 2025<\/strong>&nbsp;\u2014 reforzando el compromiso de realizar cada itinerario con responsabilidad, respeto y amor por la naturaleza.&nbsp;<\/p>\n\n\n\n<div style=\"height:40px\" aria-hidden=\"true\" class=\"wp-block-spacer\"><\/div>\n\n\n\n<h2 class=\"wp-block-heading\"><strong>1. Lagoinha do Leste y Morro da Coroa<\/strong>&nbsp;<\/h2>\n\n\n\n<p>Ninguna lista de senderos en Florian\u00f3polis est\u00e1 completa sin el famoso... <a href=\"https:\/\/visitefloripa.com.br\/es\/o-que-ver\/praia-da-lagoinha-do-leste\/\" data-type=\"o-que-ver\" data-id=\"1202\" target=\"_blank\" rel=\"noreferrer noopener\"><strong>Lagoinha del Este<\/strong><\/a> \u2014 Una de las playas m\u00e1s hermosas y salvajes de Brasil. Accesible solo por sendero o barco, conserva esa rara sensaci\u00f3n de territorio virgen, donde el bosque es denso, el mar es impetuoso y el paisaje cambia con la luz del d\u00eda. En el silencio del lugar, es f\u00e1cil entender por qu\u00e9 esta playa es el sue\u00f1o de tantos amantes de la isla.\u00a0<\/p>\n\n\n\n<p>Pero el itinerario que ofrece Fam\u00edlia NaTrilha va m\u00e1s all\u00e1 de lo tradicional: incluye la subida a...&nbsp;<strong>Colina de la corona<\/strong>, Un mirador natural que revela la geolog\u00eda de la regi\u00f3n con asombroso detalle. All\u00ed, las rocas parecen obras de arte creadas por el viento y el agua a lo largo de miles de a\u00f1os.&nbsp;<\/p>\n\n\n\n<div style=\"height:40px\" aria-hidden=\"true\" class=\"wp-block-spacer\"><\/div>\n\n\n\n<figure class=\"wp-block-gallery has-nested-images columns-default is-cropped wp-block-gallery-1 is-layout-flex wp-block-gallery-is-layout-flex\">\n<figure class=\"wp-block-image size-large\"><img fetchpriority=\"high\" decoding=\"async\" width=\"1024\" height=\"768\" data-id=\"8468\" src=\"https:\/\/visitefloripa.com.br\/wp-content\/uploads\/2025\/11\/Lagoinha1-1024x768.png\" alt=\"\" class=\"wp-image-8468\" srcset=\"https:\/\/visitefloripa.com.br\/wp-content\/uploads\/2025\/11\/Lagoinha1-1024x768.png 1024w, https:\/\/visitefloripa.com.br\/wp-content\/uploads\/2025\/11\/Lagoinha1-300x225.png 300w, https:\/\/visitefloripa.com.br\/wp-content\/uploads\/2025\/11\/Lagoinha1-768x576.png 768w, https:\/\/visitefloripa.com.br\/wp-content\/uploads\/2025\/11\/Lagoinha1-16x12.png 16w, https:\/\/visitefloripa.com.br\/wp-content\/uploads\/2025\/11\/Lagoinha1.png 1080w\" sizes=\"(max-width: 1024px) 100vw, 1024px\" \/><figcaption class=\"wp-element-caption\">Lagoinha del Este<\/figcaption><\/figure>\n<\/figure>\n\n\n\n<div style=\"height:40px\" aria-hidden=\"true\" class=\"wp-block-spacer\"><\/div>\n\n\n\n<p><strong>\u00bfPor qu\u00e9 es especial este sendero?<\/strong>&nbsp;<\/p>\n\n\n\n<p>Porque combina tres experiencias en una:&nbsp;<\/p>\n\n\n\n<ul class=\"wp-block-list\">\n<li>un paseo por el bosque nativo,&nbsp;<\/li>\n\n\n\n<li>la llegada a la playa salvaje de Lagoinha do Leste,&nbsp;<\/li>\n\n\n\n<li>...y la vista cinematogr\u00e1fica desde el Morro da Coroa, considerado uno de los paisajes m\u00e1s impactantes del Sur de la Isla.&nbsp;<\/li>\n<\/ul>\n\n\n\n<p>Adem\u00e1s, es el sendero perfecto para quienes buscan algo desafiante pero alcanzable: una aventura que exige la cantidad justa de esfuerzo, pero que recompensa cada paso.&nbsp;<\/p>\n\n\n\n<p><strong>Datos de ruta<\/strong>&nbsp;<\/p>\n\n\n\n<ul class=\"wp-block-list\">\n<li>Distancia:&nbsp;<strong>5,6 kil\u00f3metros<\/strong>&nbsp;<\/li>\n\n\n\n<li>Tiempo estimado:&nbsp;<strong>05:30 am<\/strong>&nbsp;<\/li>\n\n\n\n<li>Altimetr\u00eda:&nbsp;<strong>410 m de ascenso \/ 410 m de descenso<\/strong>&nbsp;<\/li>\n\n\n\n<li>Clasificaci\u00f3n: gravedad moderada, esfuerzo f\u00edsico significativo.&nbsp;<br>&nbsp;<\/li>\n<\/ul>\n\n\n\n<div style=\"height:40px\" aria-hidden=\"true\" class=\"wp-block-spacer\"><\/div>\n\n\n\n<h2 class=\"wp-block-heading\"><strong>2. Sert\u00e3o do Ribeir\u00e3o a Cachoeira Gurita<\/strong>&nbsp;<\/h2>\n\n\n\n<p>Si te gustan los senderos f\u00e1ciles, el agua dulce y la historia, esta ruta te conquistar\u00e1. El Sert\u00e3o do Ribeir\u00e3o es una de las regiones m\u00e1s tradicionales de Florian\u00f3polis: calles estrechas, casas antiguas, habitantes que conservan las costumbres de los colonos azorianos y una naturaleza que envuelve a quienes la visitan.\u00a0<\/p>\n\n\n\n<p>La caminata contin\u00faa hasta el&nbsp;<strong>Cascada de Gurita<\/strong>, una cascada rodeada de Mata Atl\u00e1ntica, donde es posible relajarse, observar la fauna y conectarse con el lado m\u00e1s fresco y verde de la Isla.&nbsp;<\/p>\n\n\n\n<div style=\"height:40px\" aria-hidden=\"true\" class=\"wp-block-spacer\"><\/div>\n\n\n\n<figure class=\"wp-block-gallery has-nested-images columns-default is-cropped wp-block-gallery-2 is-layout-flex wp-block-gallery-is-layout-flex\">\n<figure class=\"wp-block-image size-large\"><img decoding=\"async\" width=\"1024\" height=\"768\" data-id=\"8469\" src=\"https:\/\/visitefloripa.com.br\/wp-content\/uploads\/2025\/11\/Gurita2-1024x768.png\" alt=\"\" class=\"wp-image-8469\" srcset=\"https:\/\/visitefloripa.com.br\/wp-content\/uploads\/2025\/11\/Gurita2-1024x768.png 1024w, https:\/\/visitefloripa.com.br\/wp-content\/uploads\/2025\/11\/Gurita2-300x225.png 300w, https:\/\/visitefloripa.com.br\/wp-content\/uploads\/2025\/11\/Gurita2-768x576.png 768w, https:\/\/visitefloripa.com.br\/wp-content\/uploads\/2025\/11\/Gurita2-16x12.png 16w, https:\/\/visitefloripa.com.br\/wp-content\/uploads\/2025\/11\/Gurita2.png 1080w\" sizes=\"(max-width: 1024px) 100vw, 1024px\" \/><figcaption class=\"wp-element-caption\">Gurita<\/figcaption><\/figure>\n\n\n\n<figure class=\"wp-block-image size-large\"><img decoding=\"async\" width=\"1024\" height=\"768\" data-id=\"8470\" src=\"https:\/\/visitefloripa.com.br\/wp-content\/uploads\/2025\/11\/Gurita1-1024x768.png\" alt=\"\" class=\"wp-image-8470\" srcset=\"https:\/\/visitefloripa.com.br\/wp-content\/uploads\/2025\/11\/Gurita1-1024x768.png 1024w, https:\/\/visitefloripa.com.br\/wp-content\/uploads\/2025\/11\/Gurita1-300x225.png 300w, https:\/\/visitefloripa.com.br\/wp-content\/uploads\/2025\/11\/Gurita1-768x576.png 768w, https:\/\/visitefloripa.com.br\/wp-content\/uploads\/2025\/11\/Gurita1-16x12.png 16w, https:\/\/visitefloripa.com.br\/wp-content\/uploads\/2025\/11\/Gurita1.png 1080w\" sizes=\"(max-width: 1024px) 100vw, 1024px\" \/><figcaption class=\"wp-element-caption\">Gurita<\/figcaption><\/figure>\n\n\n\n<figure class=\"wp-block-image size-large\"><img loading=\"lazy\" decoding=\"async\" width=\"1024\" height=\"768\" data-id=\"8471\" src=\"https:\/\/visitefloripa.com.br\/wp-content\/uploads\/2025\/11\/Gurita-1024x768.png\" alt=\"\" class=\"wp-image-8471\" srcset=\"https:\/\/visitefloripa.com.br\/wp-content\/uploads\/2025\/11\/Gurita-1024x768.png 1024w, https:\/\/visitefloripa.com.br\/wp-content\/uploads\/2025\/11\/Gurita-300x225.png 300w, https:\/\/visitefloripa.com.br\/wp-content\/uploads\/2025\/11\/Gurita-768x576.png 768w, https:\/\/visitefloripa.com.br\/wp-content\/uploads\/2025\/11\/Gurita-16x12.png 16w, https:\/\/visitefloripa.com.br\/wp-content\/uploads\/2025\/11\/Gurita.png 1080w\" sizes=\"(max-width: 1024px) 100vw, 1024px\" \/><figcaption class=\"wp-element-caption\">Gurita<\/figcaption><\/figure>\n<\/figure>\n\n\n\n<div style=\"height:40px\" aria-hidden=\"true\" class=\"wp-block-spacer\"><\/div>\n\n\n\n<p><strong>\u00bfPor qu\u00e9 es especial este sendero?<\/strong>&nbsp;<\/p>\n\n\n\n<p>Porque es el tipo de experiencia que combina todo lo mejor de Florian\u00f3polis: cultura, paisaje, agua limpia, comunidad tradicional y una sensaci\u00f3n de &quot;regreso al pasado&quot;. Es perfecta para quienes buscan una caminata m\u00e1s relajada y significativa.&nbsp;<\/p>\n\n\n\n<p><strong>Datos de ruta<\/strong>&nbsp;<\/p>\n\n\n\n<ul class=\"wp-block-list\">\n<li>Distancia:&nbsp;<strong>4,3 kil\u00f3metros<\/strong>&nbsp;<\/li>\n\n\n\n<li>Tiempo estimado:&nbsp;<strong>3:30 am<\/strong>&nbsp;<\/li>\n\n\n\n<li>Altimetr\u00eda:&nbsp;<strong>195 m de ascenso \/ 195 m de descenso<\/strong>&nbsp;<\/li>\n\n\n\n<li>Clasificaci\u00f3n: baja severidad, esfuerzo moderado&nbsp;<\/li>\n<\/ul>\n\n\n\n<div style=\"height:40px\" aria-hidden=\"true\" class=\"wp-block-spacer\"><\/div>\n\n\n\n<h2 class=\"wp-block-heading\"><strong>3. Camino de Santiago Brasile\u00f1o (Camino de Santiago de Compostela)<\/strong>&nbsp;<\/h2>\n\n\n\n<p>Mucha gente no lo sabe, pero Florian\u00f3polis tiene una secci\u00f3n oficial de la&nbsp;<strong><a href=\"https:\/\/visitefloripa.com.br\/es\/tag\/caminho-de-santiago-de-compostela\/\" target=\"_blank\" data-type=\"post_tag\" data-id=\"474\" rel=\"noreferrer noopener\">Camino de Santiago de Compostela<\/a><\/strong>, Esto lo reconoce la propia Catedral de Santiago, en Espa\u00f1a. Esto significa que quienes recorren esta ruta acumulan kil\u00f3metros v\u00e1lidos para alcanzar la tan ansiada distancia recorrida.&nbsp;<strong>Compostela<\/strong>, el certificado internacional del peregrino.&nbsp;<\/p>\n\n\n\n<p>A lo largo del camino, los viajeros pasan por&nbsp;<strong>cuatro iglesias<\/strong>,&nbsp;<strong>dos senderos<\/strong>,&nbsp;<strong>seis playas<\/strong>&nbsp;y tramos urbanos que revelan una cara completamente diferente de la ciudad.&nbsp;<\/p>\n\n\n\n<div style=\"height:40px\" aria-hidden=\"true\" class=\"wp-block-spacer\"><\/div>\n\n\n\n<figure class=\"wp-block-gallery has-nested-images columns-default is-cropped wp-block-gallery-3 is-layout-flex wp-block-gallery-is-layout-flex\">\n<figure class=\"wp-block-image size-large\"><img loading=\"lazy\" decoding=\"async\" width=\"1024\" height=\"768\" data-id=\"8472\" src=\"https:\/\/visitefloripa.com.br\/wp-content\/uploads\/2025\/11\/Santiago-1024x768.png\" alt=\"\" class=\"wp-image-8472\" srcset=\"https:\/\/visitefloripa.com.br\/wp-content\/uploads\/2025\/11\/Santiago-1024x768.png 1024w, https:\/\/visitefloripa.com.br\/wp-content\/uploads\/2025\/11\/Santiago-300x225.png 300w, https:\/\/visitefloripa.com.br\/wp-content\/uploads\/2025\/11\/Santiago-768x576.png 768w, https:\/\/visitefloripa.com.br\/wp-content\/uploads\/2025\/11\/Santiago-16x12.png 16w, https:\/\/visitefloripa.com.br\/wp-content\/uploads\/2025\/11\/Santiago.png 1080w\" sizes=\"(max-width: 1024px) 100vw, 1024px\" \/><figcaption class=\"wp-element-caption\"><strong>Camino de Santiago Brasile\u00f1o (Camino de Santiago de Compostela)<\/strong><\/figcaption><\/figure>\n<\/figure>\n\n\n\n<div style=\"height:40px\" aria-hidden=\"true\" class=\"wp-block-spacer\"><\/div>\n\n\n\n<p><strong>\u00bfPor qu\u00e9 es especial este sendero?<\/strong>&nbsp;<\/p>\n\n\n\n<p>Porque combina fe, espiritualidad, introspecci\u00f3n y paisajes naturales en un solo itinerario. Es una experiencia recomendada tanto para quienes sue\u00f1an con recorrer el Camino de Santiago en Europa como para quienes buscan un viaje de reflexi\u00f3n en Florian\u00f3polis.&nbsp;<\/p>\n\n\n\n<p><strong>Datos de ruta<\/strong>&nbsp;<\/p>\n\n\n\n<ul class=\"wp-block-list\">\n<li>Distancia:&nbsp;<strong>22 kil\u00f3metros<\/strong>&nbsp;<\/li>\n\n\n\n<li>Tiempo estimado:&nbsp;<strong>10 horas<\/strong>&nbsp;<\/li>\n\n\n\n<li>Altimetr\u00eda:&nbsp;<strong>344 m de ascenso \/ 342 m de descenso<\/strong>&nbsp;<\/li>\n\n\n\n<li>Clasificaci\u00f3n: severidad moderada, esfuerzo intenso&nbsp;<\/li>\n<\/ul>\n\n\n\n<div style=\"height:40px\" aria-hidden=\"true\" class=\"wp-block-spacer\"><\/div>\n\n\n\n<h2 class=\"wp-block-heading\"><strong>4. V\u00eda Crucis \u2013 Daniela y Forte<\/strong>&nbsp;<\/h2>\n\n\n\n<p>Este sendero es un verdadero viaje a trav\u00e9s del tiempo. El camino conecta con <a href=\"https:\/\/visitefloripa.com.br\/es\/o-que-ver\/praia-da-daniela\/\" data-type=\"o-que-ver\" data-id=\"4389\" target=\"_blank\" rel=\"noreferrer noopener\"><strong>Playa Daniela<\/strong><\/a> hacia <a href=\"https:\/\/visitefloripa.com.br\/es\/o-que-ver\/praia-do-forte\/\" data-type=\"o-que-ver\" data-id=\"3530\" target=\"_blank\" rel=\"noreferrer noopener\"><strong>Fuerte<\/strong><\/a>, pasando por\u00a0<strong><a href=\"https:\/\/visitefloripa.com.br\/es\/o-que-ver\/fortaleza-de-sao-jose-da-ponta-grossa\/\" data-type=\"o-que-ver\" data-id=\"838\" target=\"_blank\" rel=\"noreferrer noopener\">Fortaleza de Sao Jos\u00e9 da Ponta Grossa<\/a><\/strong>, estructura iniciada en 1740 y responsable de la defensa de la isla durante conflictos hist\u00f3ricos, como la invasi\u00f3n espa\u00f1ola.\u00a0<\/p>\n\n\n\n<p>La ruta es f\u00e1cil y circular, serpenteando entre playa, costa rocosa y colina, ofreciendo maravillosas vistas de la Bah\u00eda Norte, de <a href=\"https:\/\/visitefloripa.com.br\/es\/o-que-ver\/jurere-tradicional\/\" data-type=\"o-que-ver\" data-id=\"4387\" target=\"_blank\" rel=\"noreferrer noopener\"><strong>jurere<\/strong><\/a>, <a href=\"https:\/\/visitefloripa.com.br\/es\/o-que-ver\/praia-da-daniela\/\" data-type=\"o-que-ver\" data-id=\"4389\" target=\"_blank\" rel=\"noreferrer noopener\"><strong>Daniela<\/strong><\/a> y las islas de <a href=\"https:\/\/visitefloripa.com.br\/es\/o-que-ver\/fortaleza-de-santo-antonio-de-ratones\/\" data-type=\"o-que-ver\" data-id=\"1729\" target=\"_blank\" rel=\"noreferrer noopener\"><strong>ratas<\/strong><\/a> Es<a href=\"https:\/\/visitefloripa.com.br\/es\/o-que-ver\/fortaleza-de-santa-cruz-de-anhatomirim\/\" data-type=\"o-que-ver\" data-id=\"3775\" target=\"_blank\" rel=\"noreferrer noopener\">\u00a0<strong>Anhatomirim<\/strong><\/a>.\u00a0<\/p>\n\n\n\n<div style=\"height:40px\" aria-hidden=\"true\" class=\"wp-block-spacer\"><\/div>\n\n\n\n<figure class=\"wp-block-gallery has-nested-images columns-default is-cropped wp-block-gallery-4 is-layout-flex wp-block-gallery-is-layout-flex\">\n<figure class=\"wp-block-image size-large\"><img loading=\"lazy\" decoding=\"async\" width=\"1080\" height=\"810\" data-id=\"8474\" src=\"https:\/\/visitefloripa.com.br\/wp-content\/uploads\/2025\/11\/Caminho-da-Cruz1-1.png\" alt=\"\" class=\"wp-image-8474\" srcset=\"https:\/\/visitefloripa.com.br\/wp-content\/uploads\/2025\/11\/Caminho-da-Cruz1-1.png 1080w, https:\/\/visitefloripa.com.br\/wp-content\/uploads\/2025\/11\/Caminho-da-Cruz1-1-300x225.png 300w, https:\/\/visitefloripa.com.br\/wp-content\/uploads\/2025\/11\/Caminho-da-Cruz1-1-1024x768.png 1024w, https:\/\/visitefloripa.com.br\/wp-content\/uploads\/2025\/11\/Caminho-da-Cruz1-1-768x576.png 768w, https:\/\/visitefloripa.com.br\/wp-content\/uploads\/2025\/11\/Caminho-da-Cruz1-1-16x12.png 16w\" sizes=\"(max-width: 1080px) 100vw, 1080px\" \/><figcaption class=\"wp-element-caption\">V\u00eda Crucis<\/figcaption><\/figure>\n<\/figure>\n\n\n\n<div style=\"height:40px\" aria-hidden=\"true\" class=\"wp-block-spacer\"><\/div>\n\n\n\n<p><strong>\u00bfPor qu\u00e9 es especial este sendero?<\/strong>&nbsp;<\/p>\n\n\n\n<p>Porque combina cultura, historia militar, mares tranquilos, naturaleza y miradores en un itinerario corto y accesible. Una excelente opci\u00f3n para quienes no desean un viaje largo, pero desean una experiencia enriquecedora.&nbsp;<\/p>\n\n\n\n<p><strong>Datos de ruta<\/strong>&nbsp;<\/p>\n\n\n\n<ul class=\"wp-block-list\">\n<li>Distancia:&nbsp;<strong>3,9 kil\u00f3metros<\/strong>&nbsp;<\/li>\n\n\n\n<li>Tiempo estimado:&nbsp;<strong>3:30 am<\/strong>&nbsp;<\/li>\n\n\n\n<li>Altimetr\u00eda:&nbsp;<strong>114 m de ascenso \/ 114 m de descenso<\/strong>&nbsp;<\/li>\n\n\n\n<li>Clasificaci\u00f3n: gravedad moderada, esfuerzo moderado&nbsp;<\/li>\n<\/ul>\n\n\n\n<div style=\"height:40px\" aria-hidden=\"true\" class=\"wp-block-spacer\"><\/div>\n\n\n\n<h2 class=\"wp-block-heading\"><strong>5. HD Floripa \u2013 Historia y diversi\u00f3n<\/strong>&nbsp;<\/h2>\n\n\n\n<p>Si la idea es viajar con ni\u00f1os, el tour HD Floripa es ideal. Se realiza en el Centro Hist\u00f3rico de Florian\u00f3polis y funciona como un aut\u00e9ntico [poco claro - posiblemente un nombre de lugar o ubicaci\u00f3n].&nbsp;<strong>b\u00fasqueda del tesoro<\/strong>, con un mapa, pegatinas, tarjetas y divertidos desaf\u00edos.&nbsp;<\/p>\n\n\n\n<p>Es una forma divertida y alegre de presentarles la historia de la ciudad a los ni\u00f1os y, adem\u00e1s, los adultos tambi\u00e9n quedan encantados con ella.&nbsp;<\/p>\n\n\n\n<div style=\"height:40px\" aria-hidden=\"true\" class=\"wp-block-spacer\"><\/div>\n\n\n\n<figure class=\"wp-block-gallery has-nested-images columns-default is-cropped wp-block-gallery-5 is-layout-flex wp-block-gallery-is-layout-flex\">\n<figure class=\"wp-block-image size-large\"><img loading=\"lazy\" decoding=\"async\" width=\"1024\" height=\"768\" data-id=\"8477\" src=\"https:\/\/visitefloripa.com.br\/wp-content\/uploads\/2025\/11\/HD-Floripa-1024x768.png\" alt=\"\" class=\"wp-image-8477\" srcset=\"https:\/\/visitefloripa.com.br\/wp-content\/uploads\/2025\/11\/HD-Floripa-1024x768.png 1024w, https:\/\/visitefloripa.com.br\/wp-content\/uploads\/2025\/11\/HD-Floripa-300x225.png 300w, https:\/\/visitefloripa.com.br\/wp-content\/uploads\/2025\/11\/HD-Floripa-768x576.png 768w, https:\/\/visitefloripa.com.br\/wp-content\/uploads\/2025\/11\/HD-Floripa-16x12.png 16w, https:\/\/visitefloripa.com.br\/wp-content\/uploads\/2025\/11\/HD-Floripa.png 1080w\" sizes=\"(max-width: 1024px) 100vw, 1024px\" \/><figcaption class=\"wp-element-caption\">HD Floripa<\/figcaption><\/figure>\n<\/figure>\n\n\n\n<div style=\"height:40px\" aria-hidden=\"true\" class=\"wp-block-spacer\"><\/div>\n\n\n\n<p><strong>\u00bfPor qu\u00e9 es especial esta actividad?<\/strong>&nbsp;<\/p>\n\n\n\n<p>Porque transforma el Centro Hist\u00f3rico en un gran parque de atracciones educativo. Todo est\u00e1 dise\u00f1ado para que los ni\u00f1os aprendan jugando y vivan una experiencia inolvidable en Florian\u00f3polis.&nbsp;<\/p>\n\n\n\n<p><strong>Datos de ruta<\/strong>&nbsp;<\/p>\n\n\n\n<ul class=\"wp-block-list\">\n<li>Distancia:&nbsp;<strong>2 kil\u00f3metros<\/strong>&nbsp;<\/li>\n\n\n\n<li>Tiempo estimado:&nbsp;<strong>2 horas<\/strong>&nbsp;<\/li>\n\n\n\n<li>Altimetr\u00eda:&nbsp;<strong>18 m de ascenso \/ 18 m de descenso<\/strong>&nbsp;<\/li>\n<\/ul>\n\n\n\n<div style=\"height:40px\" aria-hidden=\"true\" class=\"wp-block-spacer\"><\/div>\n\n\n\n<h2 class=\"wp-block-heading\"><strong>6. Recorrido a pie por el Centro Hist\u00f3rico de Florian\u00f3polis<\/strong>&nbsp;<\/h2>\n\n\n\n<p>En este itinerario, los participantes caminan por las calles del centro de la ciudad mientras aprenden sobre historias relacionadas con la colonizaci\u00f3n de las Azores, el antiguo Desterro (centro de la ciudad), la cultura negra, figuras importantes y las transformaciones que dieron forma a Florian\u00f3polis.&nbsp;<\/p>\n\n\n\n<p>Es una experiencia encantadora para quienes disfrutan de las curiosidades, la arquitectura, la cultura y la buena conversaci\u00f3n.&nbsp;<\/p>\n\n\n\n<div style=\"height:40px\" aria-hidden=\"true\" class=\"wp-block-spacer\"><\/div>\n\n\n\n<figure class=\"wp-block-gallery has-nested-images columns-default is-cropped wp-block-gallery-6 is-layout-flex wp-block-gallery-is-layout-flex\">\n<figure class=\"wp-block-image size-large\"><img loading=\"lazy\" decoding=\"async\" width=\"1024\" height=\"768\" data-id=\"8478\" src=\"https:\/\/visitefloripa.com.br\/wp-content\/uploads\/2025\/11\/Tour-Centro-Historico-1024x768.png\" alt=\"\" class=\"wp-image-8478\" srcset=\"https:\/\/visitefloripa.com.br\/wp-content\/uploads\/2025\/11\/Tour-Centro-Historico-1024x768.png 1024w, https:\/\/visitefloripa.com.br\/wp-content\/uploads\/2025\/11\/Tour-Centro-Historico-300x225.png 300w, https:\/\/visitefloripa.com.br\/wp-content\/uploads\/2025\/11\/Tour-Centro-Historico-768x576.png 768w, https:\/\/visitefloripa.com.br\/wp-content\/uploads\/2025\/11\/Tour-Centro-Historico-16x12.png 16w, https:\/\/visitefloripa.com.br\/wp-content\/uploads\/2025\/11\/Tour-Centro-Historico.png 1080w\" sizes=\"(max-width: 1024px) 100vw, 1024px\" \/><figcaption class=\"wp-element-caption\">Recorrido a pie por el Centro Hist\u00f3rico<\/figcaption><\/figure>\n<\/figure>\n\n\n\n<div style=\"height:40px\" aria-hidden=\"true\" class=\"wp-block-spacer\"><\/div>\n\n\n\n<p><strong>\u00bfPor qu\u00e9 es especial esta actividad?<\/strong>&nbsp;<\/p>\n\n\n\n<p>Porque revela aspectos de la ciudad que pasan desapercibidos para quienes no est\u00e1n acompa\u00f1ados por alguien que conozca de verdad la historia local. Es un recorrido ligero, seguro y enriquecedor.&nbsp;<\/p>\n\n\n\n<p><strong>Datos de ruta<\/strong>&nbsp;<\/p>\n\n\n\n<ul class=\"wp-block-list\">\n<li>Distancia:&nbsp;<strong>2 kil\u00f3metros<\/strong>&nbsp;<\/li>\n\n\n\n<li>Tiempo estimado:&nbsp;<strong>2 horas<\/strong>&nbsp;<\/li>\n\n\n\n<li>Altimetr\u00eda:&nbsp;<strong>18 m de ascenso \/ 18 m de descenso<\/strong>&nbsp;<\/li>\n<\/ul>\n\n\n\n<div style=\"height:40px\" aria-hidden=\"true\" class=\"wp-block-spacer\"><\/div>\n\n\n\n<h2 class=\"wp-block-heading\"><strong>7. Sendero de la Costa de la Laguna<\/strong>&nbsp;<\/h2>\n\n\n\n<p>Este es uno de los senderos m\u00e1s tradicionales de Lagoa da Concei\u00e7\u00e3o. Conecta Canto dos Ara\u00e7\u00e1s con el centro del pueblo. <a href=\"https:\/\/visitefloripa.com.br\/es\/o-que-ver\/costa-da-lagoa\/\" data-type=\"o-que-ver\" data-id=\"3702\" target=\"_blank\" rel=\"noreferrer noopener\"><strong>Costa de la laguna <\/strong><\/a>Y contin\u00faa entre casas antiguas, molinos de harina y una exuberante vegetaci\u00f3n repleta de vida.\u00a0<\/p>\n\n\n\n<p>Dependiendo de la \u00e9poca del a\u00f1o (octubre\/noviembre), los viajeros a\u00fan tienen la oportunidad de ver la floraci\u00f3n de los \u00e1rboles garapuvu, s\u00edmbolo de Florian\u00f3polis, que ti\u00f1en de amarillo el sendero.&nbsp;<\/p>\n\n\n\n<p>El recorrido finaliza en un restaurante frente al mar donde todos pueden disfrutar de la gastronom\u00eda local. El regreso se realiza en barco.&nbsp;<\/p>\n\n\n\n<div style=\"height:40px\" aria-hidden=\"true\" class=\"wp-block-spacer\"><\/div>\n\n\n\n<figure class=\"wp-block-gallery has-nested-images columns-default is-cropped wp-block-gallery-7 is-layout-flex wp-block-gallery-is-layout-flex\">\n<figure class=\"wp-block-image size-large\"><img loading=\"lazy\" decoding=\"async\" width=\"1024\" height=\"768\" data-id=\"8479\" src=\"https:\/\/visitefloripa.com.br\/wp-content\/uploads\/2025\/11\/Costa-da-Lagoa2-1024x768.png\" alt=\"\" class=\"wp-image-8479\" srcset=\"https:\/\/visitefloripa.com.br\/wp-content\/uploads\/2025\/11\/Costa-da-Lagoa2-1024x768.png 1024w, https:\/\/visitefloripa.com.br\/wp-content\/uploads\/2025\/11\/Costa-da-Lagoa2-300x225.png 300w, https:\/\/visitefloripa.com.br\/wp-content\/uploads\/2025\/11\/Costa-da-Lagoa2-768x576.png 768w, https:\/\/visitefloripa.com.br\/wp-content\/uploads\/2025\/11\/Costa-da-Lagoa2-16x12.png 16w, https:\/\/visitefloripa.com.br\/wp-content\/uploads\/2025\/11\/Costa-da-Lagoa2.png 1080w\" sizes=\"(max-width: 1024px) 100vw, 1024px\" \/><figcaption class=\"wp-element-caption\">Garapuvus en la Costa de la Laguna<\/figcaption><\/figure>\n<\/figure>\n\n\n\n<div style=\"height:40px\" aria-hidden=\"true\" class=\"wp-block-spacer\"><\/div>\n\n\n\n<p><strong>\u00bfPor qu\u00e9 es especial este sendero?<\/strong>&nbsp;<\/p>\n\n\n\n<p>Porque combina naturaleza, historia, gastronom\u00eda y paseos en barco en un itinerario que parece sacado de una pel\u00edcula. Es ligero, hermoso e ideal para quienes desean experimentar la laguna m\u00e1s all\u00e1 de lo obvio.&nbsp;<\/p>\n\n\n\n<p><strong>Datos de ruta<\/strong>&nbsp;<\/p>\n\n\n\n<ul class=\"wp-block-list\">\n<li>Distancia:&nbsp;<strong>6 kilometros<\/strong>&nbsp;(solo ida)&nbsp;<\/li>\n\n\n\n<li>Tiempo estimado:&nbsp;<strong>3:30 am<\/strong>&nbsp;<\/li>\n\n\n\n<li>Altimetr\u00eda:&nbsp;<strong>112 m de ascenso \/ 112 m de descenso<\/strong>&nbsp;<\/li>\n<\/ul>\n\n\n\n<div style=\"height:40px\" aria-hidden=\"true\" class=\"wp-block-spacer\"><\/div>\n\n\n\n<h2 class=\"wp-block-heading\"><strong>8. Playa Gravat\u00e1 \u2013 Pedra da Onda<\/strong>&nbsp;<\/h2>\n\n\n\n<p>Escondida entre Praia Mole y la laguna, se encuentra la peque\u00f1a y hermosa <a href=\"https:\/\/visitefloripa.com.br\/es\/o-que-ver\/praia-do-gravata\/\" data-type=\"o-que-ver\" data-id=\"879\" target=\"_blank\" rel=\"noreferrer noopener\"><strong>Playa de Gravat\u00e1<\/strong><\/a>. El sendero que lleva hasta all\u00ed tiene esa combinaci\u00f3n perfecta: bosque, vista al mar, silencio y diversos miradores.\u00a0<\/p>\n\n\n\n<p>Al final de la ruta encontrar\u00e1s...&nbsp;<strong>Piedra de ola<\/strong>, una curiosa formaci\u00f3n rocosa que atrae a fot\u00f3grafos y amantes de paisajes \u00fanicos.&nbsp;<\/p>\n\n\n\n<div style=\"height:40px\" aria-hidden=\"true\" class=\"wp-block-spacer\"><\/div>\n\n\n\n<figure class=\"wp-block-gallery has-nested-images columns-default is-cropped wp-block-gallery-8 is-layout-flex wp-block-gallery-is-layout-flex\">\n<figure class=\"wp-block-image size-large\"><img loading=\"lazy\" decoding=\"async\" width=\"1024\" height=\"768\" data-id=\"8480\" src=\"https:\/\/visitefloripa.com.br\/wp-content\/uploads\/2025\/11\/Gravata1-1024x768.png\" alt=\"\" class=\"wp-image-8480\" srcset=\"https:\/\/visitefloripa.com.br\/wp-content\/uploads\/2025\/11\/Gravata1-1024x768.png 1024w, https:\/\/visitefloripa.com.br\/wp-content\/uploads\/2025\/11\/Gravata1-300x225.png 300w, https:\/\/visitefloripa.com.br\/wp-content\/uploads\/2025\/11\/Gravata1-768x576.png 768w, https:\/\/visitefloripa.com.br\/wp-content\/uploads\/2025\/11\/Gravata1-16x12.png 16w, https:\/\/visitefloripa.com.br\/wp-content\/uploads\/2025\/11\/Gravata1.png 1080w\" sizes=\"(max-width: 1024px) 100vw, 1024px\" \/><figcaption class=\"wp-element-caption\">Sendero Gravata<\/figcaption><\/figure>\n\n\n\n<figure class=\"wp-block-image size-large\"><img loading=\"lazy\" decoding=\"async\" width=\"1024\" height=\"768\" data-id=\"8481\" src=\"https:\/\/visitefloripa.com.br\/wp-content\/uploads\/2025\/11\/Gravata-1024x768.png\" alt=\"\" class=\"wp-image-8481\" srcset=\"https:\/\/visitefloripa.com.br\/wp-content\/uploads\/2025\/11\/Gravata-1024x768.png 1024w, https:\/\/visitefloripa.com.br\/wp-content\/uploads\/2025\/11\/Gravata-300x225.png 300w, https:\/\/visitefloripa.com.br\/wp-content\/uploads\/2025\/11\/Gravata-768x576.png 768w, https:\/\/visitefloripa.com.br\/wp-content\/uploads\/2025\/11\/Gravata-16x12.png 16w, https:\/\/visitefloripa.com.br\/wp-content\/uploads\/2025\/11\/Gravata.png 1080w\" sizes=\"(max-width: 1024px) 100vw, 1024px\" \/><figcaption class=\"wp-element-caption\">Sendero Gravata<\/figcaption><\/figure>\n<\/figure>\n\n\n\n<div style=\"height:40px\" aria-hidden=\"true\" class=\"wp-block-spacer\"><\/div>\n\n\n\n<p><strong>\u00bfPor qu\u00e9 es especial este sendero?<\/strong>&nbsp;<\/p>\n\n\n\n<p>Porque es corto, pero incre\u00edblemente rico en miradores naturales. La vista desde Morro da Ora\u00e7\u00e3o, Mole, Galheta y Lagoa es inolvidable.&nbsp;<\/p>\n\n\n\n<p><strong>Datos de ruta<\/strong>&nbsp;<\/p>\n\n\n\n<ul class=\"wp-block-list\">\n<li>Distancia:&nbsp;<strong>5 kil\u00f3metros<\/strong>&nbsp;(ida y vuelta)&nbsp;<\/li>\n\n\n\n<li>Tiempo estimado:&nbsp;<strong>4 horas<\/strong>&nbsp;<\/li>\n\n\n\n<li>Altimetr\u00eda:&nbsp;<strong>204 m de ascenso \/ 204 m de descenso<\/strong>&nbsp;<\/li>\n<\/ul>\n\n\n\n<div style=\"height:40px\" aria-hidden=\"true\" class=\"wp-block-spacer\"><\/div>\n\n\n\n<h2 class=\"wp-block-heading\"><strong>\u00bfPor qu\u00e9 reservar con Fam\u00edlia NaTrilha?<\/strong>&nbsp;<\/h2>\n\n\n\n<p>Adem\u00e1s de ofrecer itinerarios incre\u00edbles, Fam\u00edlia NaTrilha es reconocida a nivel nacional e internacional por su compromiso con...&nbsp;<strong>seguridad, profesionalidad y sostenibilidad<\/strong>.&nbsp;<br>&nbsp;<\/p>\n\n\n\n<p>La empresa cuenta con:&nbsp;<\/p>\n\n\n\n<ul class=\"wp-block-list\">\n<li>Gu\u00edas certificados por CADASTUR en&nbsp;<strong>rescate avanzado en zonas remotas<\/strong>;&nbsp;<\/li>\n\n\n\n<li>Senderos clasificados seg\u00fan&nbsp;<strong>ISO 3021<\/strong>;&nbsp;<\/li>\n\n\n\n<li>Sistema de Gesti\u00f3n de Seguridad basado en&nbsp;<strong>ISO 21101<\/strong>;&nbsp;<\/li>\n\n\n\n<li>Certificaci\u00f3n internacional&nbsp;<strong>Sello de buen viaje<\/strong>;&nbsp;<\/li>\n\n\n\n<li>Calentadores de piernas, seguro personal y fotos incluidas;&nbsp;<\/li>\n\n\n\n<li>Premios como&nbsp;<strong>Conciencia Ambiental Inmensit\u00e0<\/strong>&nbsp;y finalista de&nbsp;<strong>Premio Braztoa a la Sostenibilidad 2025<\/strong>.&nbsp;<\/li>\n<\/ul>\n\n\n\n<p>Son a\u00f1os de trabajo serio, responsable y apasionado, y eso se nota en cada experiencia. \u00a1Cont\u00e1ctanos y reserva tu pr\u00f3xima caminata en Florian\u00f3polis hoy mismo!&nbsp;<\/p>\n\n\n\n<div style=\"height:40px\" aria-hidden=\"true\" class=\"wp-block-spacer\"><\/div>\n\n\n\n<h2 class=\"wp-block-heading\"><strong>Conclusi\u00f3n \u2013 Floripa como realmente es<\/strong>&nbsp;<\/h2>\n\n\n\n<p>En Florian\u00f3polis, cada sendero cuenta una historia. Cada piedra, cada mirador, cada molino y cada comunidad revelan un fragmento de la identidad de la Isla M\u00e1gica. Fam\u00edlia NaTrilha ha logrado transformar estas historias en experiencias completas, seguras y emocionantes, perfectas para quienes desean descubrir la ciudad m\u00e1s all\u00e1 de sus playas.&nbsp;<\/p>\n\n\n\n<p>Ya sea que desee caminar hasta una playa aislada, descubrir una comunidad tradicional, reflexionar sobre el Camino de Santiago, ense\u00f1ar historia a los ni\u00f1os de una manera divertida o simplemente admirar el paisaje, hay un itinerario ideal para usted esta temporada.&nbsp;<\/p>\n\n\n\n<p>Lo m\u00e1s importante es permitirte vivir Floripa con calma, profundidad y autenticidad.&nbsp;<\/p>\n\n\n\n<p>Y eso, sin duda, comienza con una buena caminata.&nbsp;<\/p>\n\n\n\n<div style=\"height:40px\" aria-hidden=\"true\" class=\"wp-block-spacer\"><\/div>\n\n\n\n<p class=\"has-text-align-center\"><em>Contenido compilado con base en informaci\u00f3n proporcionada por Fam\u00edlia NaTrilha.<\/em>&nbsp;<\/p>\n\n\n\n<p><\/p>","protected":false},"excerpt":{"rendered":"<p>La temporada 2025\/2026 de Fam\u00edlia NaTrilha re\u00fane algunas de las experiencias m\u00e1s aut\u00e9nticas de Florian\u00f3polis, con senderos e itinerarios que revelan la naturaleza, la historia y la cultura de la Isla M\u00e1gica de forma accesible, segura y significativa. Desde la cl\u00e1sica aventura en Lagoinha do Leste hasta los senderos culturales del Centro Hist\u00f3rico, pasando por ingenios azucareros tradicionales, playas escondidas, miradores cinematogr\u00e1ficos e incluso el famoso Camino de Santiago Brasile\u00f1o, cada actividad est\u00e1 dirigida por gu\u00edas altamente cualificados, comprometidos con la sostenibilidad y las buenas pr\u00e1cticas. Es la oportunidad perfecta para explorar Floripa m\u00e1s all\u00e1 de las playas, viviendo momentos que conectan a los viajeros con la esencia de la isla y transforman cada paso en una experiencia inolvidable.<\/p>","protected":false},"author":3,"featured_media":8483,"comment_status":"closed","ping_status":"closed","sticky":false,"template":"","format":"standard","meta":{"footnotes":""},"categories":[37,150],"tags":[990,991,582,993,1001,987,988,645,453,994,999,996,998,483,989,992,995,763,997,1000],"class_list":["post-8463","post","type-post","status-publish","format-standard","has-post-thumbnail","hentry","category-dicas","category-trilhas-e-aventura","tag-cachoeira-gurita","tag-caminhadas-em-florianopolis","tag-centro-historico-de-florianopolis","tag-costa-da-lagoa-trilha","tag-experiencias-ao-ar-livre-floripa","tag-familia-natrilha","tag-lagoinha-do-leste-trilha","tag-natureza-em-florianopolis","tag-o-que-fazer-em-floripa-2","tag-praia-do-gravata","tag-rota-de-trilhas-florianopolis","tag-roteiro-de-trilhas-florianopolis","tag-trilhas-com-guia-florianopolis","tag-trilhas-em-florianopolis","tag-trilhas-floripa","tag-trilhas-guiadas-floripa","tag-turismo-de-aventura-floripa","tag-turismo-na-ilha-da-magia","tag-turismo-sustentavel-floripa","tag-walking-tour-floripa"],"_links":{"self":[{"href":"https:\/\/visitefloripa.com.br\/es\/wp-json\/wp\/v2\/posts\/8463","targetHints":{"allow":["GET"]}}],"collection":[{"href":"https:\/\/visitefloripa.com.br\/es\/wp-json\/wp\/v2\/posts"}],"about":[{"href":"https:\/\/visitefloripa.com.br\/es\/wp-json\/wp\/v2\/types\/post"}],"author":[{"embeddable":true,"href":"https:\/\/visitefloripa.com.br\/es\/wp-json\/wp\/v2\/users\/3"}],"replies":[{"embeddable":true,"href":"https:\/\/visitefloripa.com.br\/es\/wp-json\/wp\/v2\/comments?post=8463"}],"version-history":[{"count":3,"href":"https:\/\/visitefloripa.com.br\/es\/wp-json\/wp\/v2\/posts\/8463\/revisions"}],"predecessor-version":[{"id":8488,"href":"https:\/\/visitefloripa.com.br\/es\/wp-json\/wp\/v2\/posts\/8463\/revisions\/8488"}],"wp:featuredmedia":[{"embeddable":true,"href":"https:\/\/visitefloripa.com.br\/es\/wp-json\/wp\/v2\/media\/8483"}],"wp:attachment":[{"href":"https:\/\/visitefloripa.com.br\/es\/wp-json\/wp\/v2\/media?parent=8463"}],"wp:term":[{"taxonomy":"category","embeddable":true,"href":"https:\/\/visitefloripa.com.br\/es\/wp-json\/wp\/v2\/categories?post=8463"},{"taxonomy":"post_tag","embeddable":true,"href":"https:\/\/visitefloripa.com.br\/es\/wp-json\/wp\/v2\/tags?post=8463"}],"curies":[{"name":"gracias","href":"https:\/\/api.w.org\/{rel}","templated":true}]}}